{"id":51680,"date":"2016-09-13T19:36:55","date_gmt":"2016-09-13T16:36:55","guid":{"rendered":"http:\/\/www.sana.sy\/es\/?p=51680"},"modified":"2016-09-13T19:36:55","modified_gmt":"2016-09-13T16:36:55","slug":"corte-de-luz-general-en-la-ciudad-de-queintra-debido-a-un-ataque-terrorista","status":"publish","type":"post","link":"https:\/\/archive.sana.sy\/es\/?p=51680","title":{"rendered":"Corte de luz general en la ciudad de Queintra debido a un ataque terrorista"},"content":{"rendered":"<p style=\"text-align: justify\"><span style=\"color: #800000\">Queintra, SANA<\/span>&#8211; De acuerdo fuente de la Compa\u00f1\u00eda General de Electricidad de Queintra, la ciudad sufri\u00f3 un corte de luz general por toda la ciudad debido a un ataque terrorista con proyectiles contra los cables de transferencia el\u00e9ctrica, causando grandes da\u00f1os en la estaci\u00f3n.<\/p>\n<p style=\"text-align: justify\">\u201cIntegrantes terroristas lanzaron varios misiles contra los cables el\u00e9ctricos en la zona de Al Kharzeryiah en Sasa\u00e1, desatando un gran incendio y un corte general de energ\u00eda en la ciudad\u201d, explic\u00f3 la fuente.<\/p>\n<p style=\"text-align: justify\">La fuente agreg\u00f3 que los equipos de mantenimiento y de preparaci\u00f3n de la Compa\u00f1\u00eda General de Electricidad de Queintra, en cooperaci\u00f3n con las autoridades competentes est\u00e1n trabajando reparar las aver\u00edas para devolver el suministro de energ\u00eda tan pronto como sea posible.<\/p>\n<p><em>M.Miri<\/em><\/p>\n","protected":false},"excerpt":{"rendered":"<p>Queintra, SANA&#8211; De acuerdo fuente de la Compa\u00f1\u00eda General de Electricidad de Queintra, la ciudad sufri\u00f3 un corte de luz general por toda la ciudad debido a un ataque terrorista con proyectiles contra los cables de transferencia el\u00e9ctrica, causando grandes da\u00f1os en la estaci\u00f3n. \u201cIntegrantes terroristas lanzaron varios misiles contra los cables el\u00e9ctricos en la &hellip;<\/p>\n","protected":false},"author":1,"featured_media":51681,"comment_status":"closed","ping_status":"closed","sticky":false,"template":"","format":"standard","meta":{"footnotes":""},"categories":[477,597,476,7541],"tags":[9294],"class_list":["post-51680","post","type-post","status-publish","format-standard","has-post-thumbnail","","category-noticias-edulcorantes","category-cinta-de-noticias","category-locales","category-ultimas-noticias","tag-corte-de-luz-general-en-la-ciudad-de-queintra-debido-a-un-ataque-terrorista"],"_links":{"self":[{"href":"https:\/\/archive.sana.sy\/es\/index.php?rest_route=\/wp\/v2\/posts\/51680"}],"collection":[{"href":"https:\/\/archive.sana.sy\/es\/index.php?rest_route=\/wp\/v2\/posts"}],"about":[{"href":"https:\/\/archive.sana.sy\/es\/index.php?rest_route=\/wp\/v2\/types\/post"}],"author":[{"embeddable":true,"href":"https:\/\/archive.sana.sy\/es\/index.php?rest_route=\/wp\/v2\/users\/1"}],"replies":[{"embeddable":true,"href":"https:\/\/archive.sana.sy\/es\/index.php?rest_route=%2Fwp%2Fv2%2Fcomments&post=51680"}],"version-history":[{"count":0,"href":"https:\/\/archive.sana.sy\/es\/index.php?rest_route=\/wp\/v2\/posts\/51680\/revisions"}],"wp:featuredmedia":[{"embeddable":true,"href":"https:\/\/archive.sana.sy\/es\/index.php?rest_route=\/wp\/v2\/media\/51681"}],"wp:attachment":[{"href":"https:\/\/archive.sana.sy\/es\/index.php?rest_route=%2Fwp%2Fv2%2Fmedia&parent=51680"}],"wp:term":[{"taxonomy":"category","embeddable":true,"href":"https:\/\/archive.sana.sy\/es\/index.php?rest_route=%2Fwp%2Fv2%2Fcategories&post=51680"},{"taxonomy":"post_tag","embeddable":true,"href":"https:\/\/archive.sana.sy\/es\/index.php?rest_route=%2Fwp%2Fv2%2Ftags&post=51680"}],"curies":[{"name":"wp","href":"https:\/\/api.w.org\/{rel}","templated":true}]}}