{"id":51992,"date":"2016-09-18T13:24:09","date_gmt":"2016-09-18T10:24:09","guid":{"rendered":"http:\/\/www.sana.sy\/es\/?p=51992"},"modified":"2016-09-18T13:59:01","modified_gmt":"2016-09-18T10:59:01","slug":"inicia-el-nuevos-ano-escolar-y-unas-15-mil-escuelas-recibiran-a-mas-cuatro-millones-de-alumnos","status":"publish","type":"post","link":"https:\/\/archive.sana.sy\/es\/?p=51992","title":{"rendered":"Inicia el nuevo a\u00f1o escolar, y unas 15 mil escuelas recibir\u00e1n a m\u00e1s cuatro millones de alumnos"},"content":{"rendered":"<p style=\"text-align: justify\"><span style=\"color: #800000\">Damasco, SANA<\/span><\/p>\n<p style=\"text-align: justify\">M\u00e1s de cuatro millones de estudiantes y alumnos se han dirigido este domingo 18-09-2016 a sus escuelas en las diferentes provincias del pa\u00eds.<\/p>\n<p style=\"text-align: justify\">El Ministerio de Educaci\u00f3n anunci\u00f3 que hab\u00eda concluido todos los preparativos para el inicio del nuevo a\u00f1o escolar 2016-2017, al preparar las condiciones en unas 15 mil escuelas para recibir a m\u00e1s de cuatro millones de alumnos de las diferentes etapas de ense\u00f1anza b\u00e1sica y preescolar.<\/p>\n<p style=\"text-align: justify\">De igual manera, el Ministerio ha distribuido unos 70 millones de libros de texto.<\/p>\n<p style=\"text-align: justify\">Seg\u00fan datos del Ministerio de Educaci\u00f3n, el n\u00famero de escuelas empleadas actualmente en el proceso educativo es 15 mil que reciben a 4 millones 134 mil 047 estudiantes, mientras que el n\u00famero de trabajadores en el sector educativo es 311 mil 914 en las distintas provincias.<\/p>\n<p style=\"text-align: justify\">Siria contaba con unas 22 mil escuelas antes del 2011, m\u00e1s de dos mil han sido destruidas por los grupos terroristas o convertidas en cuarteles en las zonas que controlan.<\/p>\n<p style=\"text-align: justify\">El Gobierno convertido a m\u00e1s de cuatro mil escuelas en centros de refugio temporal para recibir a las familias desplazadas.<\/p>\n<p><span style=\"color: #0000ff\">Fady M., Hala B.<\/span><\/p>\n","protected":false},"excerpt":{"rendered":"<p>Damasco, SANA M\u00e1s de cuatro millones de estudiantes y alumnos se han dirigido este domingo 18-09-2016 a sus escuelas en las diferentes provincias del pa\u00eds. El Ministerio de Educaci\u00f3n anunci\u00f3 que hab\u00eda concluido todos los preparativos para el inicio del nuevo a\u00f1o escolar 2016-2017, al preparar las condiciones en unas 15 mil escuelas para recibir &hellip;<\/p>\n","protected":false},"author":1,"featured_media":51993,"comment_status":"closed","ping_status":"closed","sticky":false,"template":"","format":"standard","meta":{"footnotes":""},"categories":[477,476,583],"tags":[9329,9330],"class_list":["post-51992","post","type-post","status-publish","format-standard","has-post-thumbnail","","category-noticias-edulcorantes","category-locales","category-slide","tag-inicia-el-nuevos-ano-escolar","tag-y-unas-15-mil-escuelas-recibiran-a-mas-cuatro-millones-de-alumnos"],"_links":{"self":[{"href":"https:\/\/archive.sana.sy\/es\/index.php?rest_route=\/wp\/v2\/posts\/51992"}],"collection":[{"href":"https:\/\/archive.sana.sy\/es\/index.php?rest_route=\/wp\/v2\/posts"}],"about":[{"href":"https:\/\/archive.sana.sy\/es\/index.php?rest_route=\/wp\/v2\/types\/post"}],"author":[{"embeddable":true,"href":"https:\/\/archive.sana.sy\/es\/index.php?rest_route=\/wp\/v2\/users\/1"}],"replies":[{"embeddable":true,"href":"https:\/\/archive.sana.sy\/es\/index.php?rest_route=%2Fwp%2Fv2%2Fcomments&post=51992"}],"version-history":[{"count":0,"href":"https:\/\/archive.sana.sy\/es\/index.php?rest_route=\/wp\/v2\/posts\/51992\/revisions"}],"wp:featuredmedia":[{"embeddable":true,"href":"https:\/\/archive.sana.sy\/es\/index.php?rest_route=\/wp\/v2\/media\/51993"}],"wp:attachment":[{"href":"https:\/\/archive.sana.sy\/es\/index.php?rest_route=%2Fwp%2Fv2%2Fmedia&parent=51992"}],"wp:term":[{"taxonomy":"category","embeddable":true,"href":"https:\/\/archive.sana.sy\/es\/index.php?rest_route=%2Fwp%2Fv2%2Fcategories&post=51992"},{"taxonomy":"post_tag","embeddable":true,"href":"https:\/\/archive.sana.sy\/es\/index.php?rest_route=%2Fwp%2Fv2%2Ftags&post=51992"}],"curies":[{"name":"wp","href":"https:\/\/api.w.org\/{rel}","templated":true}]}}