{"id":52023,"date":"2016-09-18T16:44:14","date_gmt":"2016-09-18T13:44:14","guid":{"rendered":"http:\/\/www.sana.sy\/es\/?p=52023"},"modified":"2016-09-18T18:45:08","modified_gmt":"2016-09-18T15:45:08","slug":"el-traslado-de-decenas-de-familias-de-alepo-del-este-al-barrio-de-salah-eddin","status":"publish","type":"post","link":"https:\/\/archive.sana.sy\/es\/?p=52023","title":{"rendered":"El traslado de decenas de familias de Alepo del Este al barrio de Salah Eddin"},"content":{"rendered":"<p style=\"text-align: justify\"><span style=\"color: #800000\">Alepo, SANA<\/span><\/p>\n<p style=\"text-align: justify\">Nuestro corresponsal en Alepo report\u00f3 que decenas de familias salieron de los barrios de Alepo del Este hacia el barrio de Salah Edd\u00edn, adonde fueron trasladados e instalados en centros de alojamiento temporal bien equipados y provistos de vituallas.<\/p>\n<p style=\"text-align: justify\">\u00a8Se les ha prestado atenci\u00f3n m\u00e9dica a las familias salientes as\u00ed como se les ha entregado ayudas\u00a8, seg\u00fan ha informado nuestro corresponsal.<\/p>\n<p style=\"text-align: justify\"><span style=\"color: #0000ff\">Riad Sh., Hala B.<\/span><\/p>\n","protected":false},"excerpt":{"rendered":"<p>Alepo, SANA Nuestro corresponsal en Alepo report\u00f3 que decenas de familias salieron de los barrios de Alepo del Este hacia el barrio de Salah Edd\u00edn, adonde fueron trasladados e instalados en centros de alojamiento temporal bien equipados y provistos de vituallas. \u00a8Se les ha prestado atenci\u00f3n m\u00e9dica a las familias salientes as\u00ed como se les &hellip;<\/p>\n","protected":false},"author":1,"featured_media":52024,"comment_status":"closed","ping_status":"closed","sticky":false,"template":"","format":"standard","meta":{"footnotes":""},"categories":[477,476,583,7541],"tags":[9340],"class_list":["post-52023","post","type-post","status-publish","format-standard","has-post-thumbnail","","category-noticias-edulcorantes","category-locales","category-slide","category-ultimas-noticias","tag-el-traslado-de-decenas-de-familias-de-alepo-del-este-al-barrio-de-salah-eddin"],"_links":{"self":[{"href":"https:\/\/archive.sana.sy\/es\/index.php?rest_route=\/wp\/v2\/posts\/52023"}],"collection":[{"href":"https:\/\/archive.sana.sy\/es\/index.php?rest_route=\/wp\/v2\/posts"}],"about":[{"href":"https:\/\/archive.sana.sy\/es\/index.php?rest_route=\/wp\/v2\/types\/post"}],"author":[{"embeddable":true,"href":"https:\/\/archive.sana.sy\/es\/index.php?rest_route=\/wp\/v2\/users\/1"}],"replies":[{"embeddable":true,"href":"https:\/\/archive.sana.sy\/es\/index.php?rest_route=%2Fwp%2Fv2%2Fcomments&post=52023"}],"version-history":[{"count":0,"href":"https:\/\/archive.sana.sy\/es\/index.php?rest_route=\/wp\/v2\/posts\/52023\/revisions"}],"wp:featuredmedia":[{"embeddable":true,"href":"https:\/\/archive.sana.sy\/es\/index.php?rest_route=\/wp\/v2\/media\/52024"}],"wp:attachment":[{"href":"https:\/\/archive.sana.sy\/es\/index.php?rest_route=%2Fwp%2Fv2%2Fmedia&parent=52023"}],"wp:term":[{"taxonomy":"category","embeddable":true,"href":"https:\/\/archive.sana.sy\/es\/index.php?rest_route=%2Fwp%2Fv2%2Fcategories&post=52023"},{"taxonomy":"post_tag","embeddable":true,"href":"https:\/\/archive.sana.sy\/es\/index.php?rest_route=%2Fwp%2Fv2%2Ftags&post=52023"}],"curies":[{"name":"wp","href":"https:\/\/api.w.org\/{rel}","templated":true}]}}