{"id":52065,"date":"2016-09-19T12:13:49","date_gmt":"2016-09-19T09:13:49","guid":{"rendered":"http:\/\/www.sana.sy\/es\/?p=52065"},"modified":"2016-09-19T12:13:49","modified_gmt":"2016-09-19T09:13:49","slug":"la-guerra-terrorista-contra-siria-ha-mostrado-fragilidad-de-la-ley-internacional-afirma-jaafari-en-la-cumbre-de-no-alineados","status":"publish","type":"post","link":"https:\/\/archive.sana.sy\/es\/?p=52065","title":{"rendered":"La guerra terrorista contra Siria ha mostrado fragilidad de la ley internacional, afirma Jaafari en la Cumbre de No Alineados"},"content":{"rendered":"<p style=\"text-align: justify\"><span style=\"color: #800000\">Isla Margarita, SANA<\/span><\/p>\n<p style=\"text-align: justify\">Bashar al-Jaafari, Representante Permanente de Siria en las Naciones Unidas y jefe de la delegaci\u00f3n siria a la XVII Cumbre de los Pa\u00edses del Movimiento de los No Alineados, afirm\u00f3 que la guerra terrorista contra Siria ha roto los significados nobles de la diplomacia y ha demostrado la fragilidad del Derecho Internacional.<\/p>\n<p style=\"text-align: justify\">Jaafari: erradicaci\u00f3n del terrorismo requiere una uni\u00f3n de los esfuerzos para hacer frente a este flageo<\/p>\n<p style=\"text-align: justify\">En su intervenci\u00f3n en la Cumbre XVII de No Alineados que se celebra en la Isla Margarita en Venezuela, Jaafari dijo que &#8220;la cobarde agresi\u00f3n estadounidense contra las posiciones del ej\u00e9rcito sirio en el Monte Thardah cerca del aeropuerto de Deir Ezzor, es una prueba m\u00e1s de que Estados Unidos y sus aliados apoyan al grupo terrorista Estado Isl\u00e1mico (EI)&#8221;.<\/p>\n<p style=\"text-align: justify\">El diplom\u00e1tico sirio indic\u00f3 que &#8220;la erradicaci\u00f3n del flagelo del terrorismo requiere una uni\u00f3n y coordinaci\u00f3n de los esfuerzos para hacer frente a la ola de terrorismo de los grupos extremistas como el Estado Isl\u00e1mico, el Frente al-Nousra y al-Qaeda, y otras entidades y grupos takfir\u00edes que operan en los territorios de Siria e Irak&#8221;.<\/p>\n<p style=\"text-align: justify\"><span style=\"color: #0000ff\">Jaafari: gobierno sirio est\u00e1 abierto a todas las iniciativas sinceras para salir de la crisis<\/span><\/p>\n<p style=\"text-align: justify\">Explic\u00f3 que el gobierno sirio ha estado abierto a todas las iniciativas y los esfuerzos sinceros encaminados para ayudar a salir de la crisis actual, reiterando la disposici\u00f3n de Damasco para participar de manera efectiva en cualquier esfuerzo sincero que pretenda alcanzar una soluci\u00f3n pol\u00edtica en la que los sirios decidan su futuro a trav\u00e9s del di\u00e1logo intersirio y sin injerencia extranjera.<\/p>\n<p style=\"text-align: justify\"><span style=\"color: #0000ff\">Jaafari: algunos miembros de los No Alineados han violado los principios acordados<\/span><\/p>\n<p style=\"text-align: justify\">El delegado sirio dijo: &#8220;desde las Conferencias de Bandung y Belgrado, nuestros pa\u00edses han acordado lograr un mundo m\u00e1s seguro donde prevalecen la paz, la justicia, el respeto, la solidaridad y la cooperaci\u00f3n; un mundo basado en el respeto de la soberan\u00eda, la independencia y la integridad territorial de los pa\u00edses, y la igualdad entre ellos y la no injerencia en sus asuntos internos, y la abstenci\u00f3n de la agresi\u00f3n o el uso de la fuerza, y resolver los conflictos por medios pac\u00edficos&#8221;.<\/p>\n<p style=\"text-align: justify\">En este sentido, coment\u00f3 que &#8220;a pesar de que nuestros pa\u00edses han estado de acuerdo con esos principios nobles, lamentamos profundamente que algunos miembros del Movimiento de Pa\u00edses No Alineados, en particular los reg\u00edmenes en Arabia Saudita, Qatar y otros pa\u00edses, han meditado durante los \u00faltimos cinco a\u00f1os a violar e incumplir estos principios a trav\u00e9s de la difusi\u00f3n de la ideolog\u00eda terrorista, takfir\u00ed y wahab\u00ed en todo el mundo, lo cual ha distorsionado la imagen de los \u00e1rabes y del Islam&#8221;.<\/p>\n<p style=\"text-align: justify\">&#8220;Es por ello, hoy estamos llamados a aferrase a los diez principios sobre los cuales nuestro Movimiento se fund\u00f3, y adoptar una posici\u00f3n m\u00e1s eficaz para detener este enfoque intervencionista y destructivo que sirve a las agendas de los enemigos de nuestros pueblos y nuestro movimiento.&#8221;, explic\u00f3.<\/p>\n<p style=\"text-align: justify\"><span style=\"color: #0000ff\">Jaafari: la manera factible para la lucha antiterrorista consiste en crear una coalici\u00f3n internacional del marco de la legitimidad internacional<\/span><\/p>\n<p style=\"text-align: justify\">Por otro lado, Jaafari hizo hincapi\u00e9 en que la \u00fanica manera factible para la lucha contra el terrorismo radica en la aplicaci\u00f3n de las resoluciones del Consejo de Seguridad y la creaci\u00f3n de una coalici\u00f3n internacional dentro del marco de la legitimidad internacional y con la participaci\u00f3n de los pa\u00edses pertinentes, en particular los gobiernos de Siria e Irak, que luchan contra el terrorismo en nombre de todos pa\u00edses el mundo.<\/p>\n<p style=\"text-align: justify\"><span style=\"color: #0000ff\">Jaafari: algunos miembros de los NO Alineados gastaron miles de millones de d\u00f3lares para financiar la guerra terrorista en Siria<\/span><\/p>\n<p style=\"text-align: justify\">&#8220;Siria llama a los miembros del Movimiento de Pa\u00edses No Alineados para condenar la agresi\u00f3n norteamericana contra el ej\u00e9rcito sirio en Deir Ezzor, y responsabilizar a Estado Unidos y demandar no repetirlo y disculparse del gobierno sirio&#8221;, afirm\u00f3.<\/p>\n<p style=\"text-align: justify\">Jaafari reafirm\u00f3 que Siria era hace cinco a\u00f1os y medio uno de los pa\u00edses m\u00e1s estable y seguros antes de que esa imagen cambiara de manera espectacular y repentina cuando pa\u00edses \u00e1rabes, regionales e internacionales, por desgracia algunos son miembros de este movimiento, gastaron miles de millones de d\u00f3lares para financiar la guerra terrorista en Siria.<\/p>\n<p style=\"text-align: justify\">\n<p><span style=\"color: #0000ff\">Fady M., Hala B.<\/span><\/p>\n","protected":false},"excerpt":{"rendered":"<p>Isla Margarita, SANA Bashar al-Jaafari, Representante Permanente de Siria en las Naciones Unidas y jefe de la delegaci\u00f3n siria a la XVII Cumbre de los Pa\u00edses del Movimiento de los No Alineados, afirm\u00f3 que la guerra terrorista contra Siria ha roto los significados nobles de la diplomacia y ha demostrado la fragilidad del Derecho Internacional. &hellip;<\/p>\n","protected":false},"author":1,"featured_media":52066,"comment_status":"closed","ping_status":"closed","sticky":false,"template":"","format":"standard","meta":{"footnotes":""},"categories":[597,457,576,7541],"tags":[9342,9341],"class_list":["post-52065","post","type-post","status-publish","format-standard","has-post-thumbnail","","category-cinta-de-noticias","category-noticias-arabe-internacional-politica","category-noticias-politicas","category-ultimas-noticias","tag-afirma-jaafari-en-la-cumbre-de-no-alineados","tag-la-guerra-terrorista-contra-siria-ha-mostrado-fragilidad-de-la-ley-internacional"],"_links":{"self":[{"href":"https:\/\/archive.sana.sy\/es\/index.php?rest_route=\/wp\/v2\/posts\/52065"}],"collection":[{"href":"https:\/\/archive.sana.sy\/es\/index.php?rest_route=\/wp\/v2\/posts"}],"about":[{"href":"https:\/\/archive.sana.sy\/es\/index.php?rest_route=\/wp\/v2\/types\/post"}],"author":[{"embeddable":true,"href":"https:\/\/archive.sana.sy\/es\/index.php?rest_route=\/wp\/v2\/users\/1"}],"replies":[{"embeddable":true,"href":"https:\/\/archive.sana.sy\/es\/index.php?rest_route=%2Fwp%2Fv2%2Fcomments&post=52065"}],"version-history":[{"count":0,"href":"https:\/\/archive.sana.sy\/es\/index.php?rest_route=\/wp\/v2\/posts\/52065\/revisions"}],"wp:featuredmedia":[{"embeddable":true,"href":"https:\/\/archive.sana.sy\/es\/index.php?rest_route=\/wp\/v2\/media\/52066"}],"wp:attachment":[{"href":"https:\/\/archive.sana.sy\/es\/index.php?rest_route=%2Fwp%2Fv2%2Fmedia&parent=52065"}],"wp:term":[{"taxonomy":"category","embeddable":true,"href":"https:\/\/archive.sana.sy\/es\/index.php?rest_route=%2Fwp%2Fv2%2Fcategories&post=52065"},{"taxonomy":"post_tag","embeddable":true,"href":"https:\/\/archive.sana.sy\/es\/index.php?rest_route=%2Fwp%2Fv2%2Ftags&post=52065"}],"curies":[{"name":"wp","href":"https:\/\/api.w.org\/{rel}","templated":true}]}}