{"id":52074,"date":"2016-09-19T12:21:41","date_gmt":"2016-09-19T09:21:41","guid":{"rendered":"http:\/\/www.sana.sy\/es\/?p=52074"},"modified":"2016-09-19T12:21:41","modified_gmt":"2016-09-19T09:21:41","slug":"abdollahian-agresion-estadounidense-contra-el-ejercito-sirio-busca-fortalecer-a-los-grupos-terroristas","status":"publish","type":"post","link":"https:\/\/archive.sana.sy\/es\/?p=52074","title":{"rendered":"Abdollahian: agresi\u00f3n estadounidense contra el Ej\u00e9rcito sirio busca fortalecer a los grupos terroristas"},"content":{"rendered":"<p style=\"text-align: justify\"><span style=\"color: #800000\">Teher\u00e1n, SANA<\/span><\/p>\n<p style=\"text-align: justify\">El asistente del Presidente del Consejo de la Shura iran\u00ed para Asuntos Internacionales, Hossein Amir Abdollahian, dijo que la agresi\u00f3n estadounidense contra una de las posiciones del Ej\u00e9rcito sirio en Deir Ezzor busca fortalecer las organizaciones terroristas.<\/p>\n<p style=\"text-align: justify\">Durante una reuni\u00f3n con el embajador sirio en Teher\u00e1n, Adnan Mahmud, Abdollahian afirm\u00f3 que Teher\u00e1n condena en\u00e9rgicamente esa agresi\u00f3n estadounidense y no la considera como un error militar&#8221;.<\/p>\n<p style=\"text-align: justify\">Asimismo, destac\u00f3 que el ataque a\u00e9reo estadounidense contra el ej\u00e9rcito sirio que combate al terrorismo, constituye una violaci\u00f3n del derecho internacional porque ocurri\u00f3 sin la aprobaci\u00f3n del gobierno sirio.<\/p>\n<p style=\"text-align: justify\">El alto funcionario iran\u00ed explic\u00f3 que esa agresi\u00f3n revela las intenciones de Estados Unidos, se\u00f1alando que Rusia debe estar atenta respecto a la violaci\u00f3n de EE.UU a sus compromisos.<\/p>\n<p style=\"text-align: justify\">Por su parte, el embajador Mahmud hizo hincapi\u00e9 en que la agresi\u00f3n de Estados Unidos en Deir Ezzor revel\u00f3 a todo el mundo la falsedad de los alegatos de EE.UU. en la lucha contra el terrorismo.<\/p>\n<p style=\"text-align: justify\">\n<p><span style=\"color: #0000ff\">Fady M., Hala B.<\/span><\/p>\n","protected":false},"excerpt":{"rendered":"<p>Teher\u00e1n, SANA El asistente del Presidente del Consejo de la Shura iran\u00ed para Asuntos Internacionales, Hossein Amir Abdollahian, dijo que la agresi\u00f3n estadounidense contra una de las posiciones del Ej\u00e9rcito sirio en Deir Ezzor busca fortalecer las organizaciones terroristas. Durante una reuni\u00f3n con el embajador sirio en Teher\u00e1n, Adnan Mahmud, Abdollahian afirm\u00f3 que Teher\u00e1n condena &hellip;<\/p>\n","protected":false},"author":1,"featured_media":52075,"comment_status":"closed","ping_status":"closed","sticky":false,"template":"","format":"standard","meta":{"footnotes":""},"categories":[597,457,576,7541],"tags":[9345],"class_list":["post-52074","post","type-post","status-publish","format-standard","has-post-thumbnail","","category-cinta-de-noticias","category-noticias-arabe-internacional-politica","category-noticias-politicas","category-ultimas-noticias","tag-abdollahian-agresion-estadounidense-contra-el-ejercito-sirio-busca-fortalecer-a-los-grupos-terroristas"],"_links":{"self":[{"href":"https:\/\/archive.sana.sy\/es\/index.php?rest_route=\/wp\/v2\/posts\/52074"}],"collection":[{"href":"https:\/\/archive.sana.sy\/es\/index.php?rest_route=\/wp\/v2\/posts"}],"about":[{"href":"https:\/\/archive.sana.sy\/es\/index.php?rest_route=\/wp\/v2\/types\/post"}],"author":[{"embeddable":true,"href":"https:\/\/archive.sana.sy\/es\/index.php?rest_route=\/wp\/v2\/users\/1"}],"replies":[{"embeddable":true,"href":"https:\/\/archive.sana.sy\/es\/index.php?rest_route=%2Fwp%2Fv2%2Fcomments&post=52074"}],"version-history":[{"count":0,"href":"https:\/\/archive.sana.sy\/es\/index.php?rest_route=\/wp\/v2\/posts\/52074\/revisions"}],"wp:featuredmedia":[{"embeddable":true,"href":"https:\/\/archive.sana.sy\/es\/index.php?rest_route=\/wp\/v2\/media\/52075"}],"wp:attachment":[{"href":"https:\/\/archive.sana.sy\/es\/index.php?rest_route=%2Fwp%2Fv2%2Fmedia&parent=52074"}],"wp:term":[{"taxonomy":"category","embeddable":true,"href":"https:\/\/archive.sana.sy\/es\/index.php?rest_route=%2Fwp%2Fv2%2Fcategories&post=52074"},{"taxonomy":"post_tag","embeddable":true,"href":"https:\/\/archive.sana.sy\/es\/index.php?rest_route=%2Fwp%2Fv2%2Ftags&post=52074"}],"curies":[{"name":"wp","href":"https:\/\/api.w.org\/{rel}","templated":true}]}}