{"id":52116,"date":"2016-09-19T20:09:50","date_gmt":"2016-09-19T17:09:50","guid":{"rendered":"http:\/\/www.sana.sy\/es\/?p=52116"},"modified":"2016-09-19T20:09:50","modified_gmt":"2016-09-19T17:09:50","slug":"moscu-refuta-noticias-sobre-cierre-de-centro-de-informacion-antiterrorista-conjunto-en-bagdad","status":"publish","type":"post","link":"https:\/\/archive.sana.sy\/es\/?p=52116","title":{"rendered":"Mosc\u00fa refuta noticias sobre cierre de Centro de Informaci\u00f3n Antiterrorista conjunto en Bagdad"},"content":{"rendered":"<p>Mosc\u00fa-SANA<\/p>\n<p>El Ministerio de Asuntos Exteriores de Rusia ha desmentido la informaci\u00f3n sobre el supuesto cierre del centro de informaci\u00f3n antiterrorista conjunto instalado en la capital iraqu\u00ed de Bagdad, en la que participan militares de Rusia, Siria, Ir\u00e1n e Irak.<\/p>\n<p>La canciller\u00eda rusa calific\u00f3 de \u00a8infundadas\u00b4, las noticias sobre el supuesto cierre del centro de informaci\u00f3n.<\/p>\n<p>Yamil K.<\/p>\n","protected":false},"excerpt":{"rendered":"<p>Mosc\u00fa-SANA El Ministerio de Asuntos Exteriores de Rusia ha desmentido la informaci\u00f3n sobre el supuesto cierre del centro de informaci\u00f3n antiterrorista conjunto instalado en la capital iraqu\u00ed de Bagdad, en la que participan militares de Rusia, Siria, Ir\u00e1n e Irak. La canciller\u00eda rusa calific\u00f3 de \u00a8infundadas\u00b4, las noticias sobre el supuesto cierre del centro de &hellip;<\/p>\n","protected":false},"author":1,"featured_media":52014,"comment_status":"closed","ping_status":"closed","sticky":false,"template":"","format":"standard","meta":{"footnotes":""},"categories":[456,457,7541],"tags":[],"class_list":["post-52116","post","type-post","status-publish","format-standard","has-post-thumbnail","","category-arabe-internacional-politica","category-noticias-arabe-internacional-politica","category-ultimas-noticias"],"_links":{"self":[{"href":"https:\/\/archive.sana.sy\/es\/index.php?rest_route=\/wp\/v2\/posts\/52116"}],"collection":[{"href":"https:\/\/archive.sana.sy\/es\/index.php?rest_route=\/wp\/v2\/posts"}],"about":[{"href":"https:\/\/archive.sana.sy\/es\/index.php?rest_route=\/wp\/v2\/types\/post"}],"author":[{"embeddable":true,"href":"https:\/\/archive.sana.sy\/es\/index.php?rest_route=\/wp\/v2\/users\/1"}],"replies":[{"embeddable":true,"href":"https:\/\/archive.sana.sy\/es\/index.php?rest_route=%2Fwp%2Fv2%2Fcomments&post=52116"}],"version-history":[{"count":0,"href":"https:\/\/archive.sana.sy\/es\/index.php?rest_route=\/wp\/v2\/posts\/52116\/revisions"}],"wp:featuredmedia":[{"embeddable":true,"href":"https:\/\/archive.sana.sy\/es\/index.php?rest_route=\/wp\/v2\/media\/52014"}],"wp:attachment":[{"href":"https:\/\/archive.sana.sy\/es\/index.php?rest_route=%2Fwp%2Fv2%2Fmedia&parent=52116"}],"wp:term":[{"taxonomy":"category","embeddable":true,"href":"https:\/\/archive.sana.sy\/es\/index.php?rest_route=%2Fwp%2Fv2%2Fcategories&post=52116"},{"taxonomy":"post_tag","embeddable":true,"href":"https:\/\/archive.sana.sy\/es\/index.php?rest_route=%2Fwp%2Fv2%2Ftags&post=52116"}],"curies":[{"name":"wp","href":"https:\/\/api.w.org\/{rel}","templated":true}]}}