{"id":52118,"date":"2016-09-19T20:47:43","date_gmt":"2016-09-19T17:47:43","guid":{"rendered":"http:\/\/www.sana.sy\/es\/?p=52118"},"modified":"2016-09-19T20:47:43","modified_gmt":"2016-09-19T17:47:43","slug":"naciones-unidas-obstaculiza-la-salida-de-los-armados-del-barrio-de-al-waer-a-idleb-por-pretextos-endebles","status":"publish","type":"post","link":"https:\/\/archive.sana.sy\/es\/?p=52118","title":{"rendered":"Naciones Unidas obstaculiza la salida de los armados del barrio de al Waer a Idleb por pretextos endebles"},"content":{"rendered":"<p><span style=\"color: #800000;\">Damasco- SANA<\/span><\/p>\n<p>Naciones Unidas obstaculiz\u00f3 la salida de los armados del barrio de al Waer en Homs a la provincia de Idleb por pretextos endebles, seg\u00fan una fuente bien informada.<\/p>\n<p>La fuente afirm\u00f3 que Naciones Unidas dificult\u00f3 el acuerdo de evacuar el barrio de al Waer de los armados bajo el pretexto de que la situaci\u00f3n est\u00e1 insegura, y que todav\u00eda no se ha estudiado el asunto, a pesar de que sus funcionarios participaron en los detalles del acuerdo.<\/p>\n<p>Naciones Unidas particip\u00f3 en supervisar \u00a0la primera fase del acuerdo del barrio de al Waer que se implement\u00f3 el pasado diciembre, cuando salieron 720 armados con sus familiares.<\/p>\n<p>Estaba previsto hoy que salieran unas 250 armados con sus familiares del barrio de al Waer hacia el campo norte\u00f1o de Idleb, en el marco del acuerdo alcanzado el pasado diciembre con el fin de evacuar el barrio de los armados y preparar un ambiente adecuado para que las instituciones del Estado funcionen de nuevo.<\/p>\n<p>&nbsp;<\/p>\n<p><span style=\"color: #0000ff;\">Akram. S<\/span><\/p>\n","protected":false},"excerpt":{"rendered":"<p>Damasco- SANA Naciones Unidas obstaculiz\u00f3 la salida de los armados del barrio de al Waer en Homs a la provincia de Idleb por pretextos endebles, seg\u00fan una fuente bien informada. La fuente afirm\u00f3 que Naciones Unidas dificult\u00f3 el acuerdo de evacuar el barrio de al Waer de los armados bajo el pretexto de que la &hellip;<\/p>\n","protected":false},"author":1,"featured_media":52119,"comment_status":"closed","ping_status":"closed","sticky":false,"template":"","format":"standard","meta":{"footnotes":""},"categories":[477,597,476,7541],"tags":[],"class_list":["post-52118","post","type-post","status-publish","format-standard","has-post-thumbnail","","category-noticias-edulcorantes","category-cinta-de-noticias","category-locales","category-ultimas-noticias"],"_links":{"self":[{"href":"https:\/\/archive.sana.sy\/es\/index.php?rest_route=\/wp\/v2\/posts\/52118"}],"collection":[{"href":"https:\/\/archive.sana.sy\/es\/index.php?rest_route=\/wp\/v2\/posts"}],"about":[{"href":"https:\/\/archive.sana.sy\/es\/index.php?rest_route=\/wp\/v2\/types\/post"}],"author":[{"embeddable":true,"href":"https:\/\/archive.sana.sy\/es\/index.php?rest_route=\/wp\/v2\/users\/1"}],"replies":[{"embeddable":true,"href":"https:\/\/archive.sana.sy\/es\/index.php?rest_route=%2Fwp%2Fv2%2Fcomments&post=52118"}],"version-history":[{"count":0,"href":"https:\/\/archive.sana.sy\/es\/index.php?rest_route=\/wp\/v2\/posts\/52118\/revisions"}],"wp:featuredmedia":[{"embeddable":true,"href":"https:\/\/archive.sana.sy\/es\/index.php?rest_route=\/wp\/v2\/media\/52119"}],"wp:attachment":[{"href":"https:\/\/archive.sana.sy\/es\/index.php?rest_route=%2Fwp%2Fv2%2Fmedia&parent=52118"}],"wp:term":[{"taxonomy":"category","embeddable":true,"href":"https:\/\/archive.sana.sy\/es\/index.php?rest_route=%2Fwp%2Fv2%2Fcategories&post=52118"},{"taxonomy":"post_tag","embeddable":true,"href":"https:\/\/archive.sana.sy\/es\/index.php?rest_route=%2Fwp%2Fv2%2Ftags&post=52118"}],"curies":[{"name":"wp","href":"https:\/\/api.w.org\/{rel}","templated":true}]}}