{"id":52212,"date":"2016-09-20T23:00:28","date_gmt":"2016-09-20T20:00:28","guid":{"rendered":"http:\/\/www.sana.sy\/es\/?p=52212"},"modified":"2016-09-20T23:00:28","modified_gmt":"2016-09-20T20:00:28","slug":"siria-refuta-acusaciones-de-ataque-a-un-convoy-de-ayuda-humanitaria-en-alepo","status":"publish","type":"post","link":"https:\/\/archive.sana.sy\/es\/?p=52212","title":{"rendered":"Siria refuta acusaciones de ataque a un convoy de ayuda humanitaria en Alepo"},"content":{"rendered":"<p style=\"text-align: justify\"><span style=\"color: #800000\">Damasco, SANA<\/span>&#8211; Una fuente militar refut\u00f3 informaciones difundidas por unos medios de comunicaci\u00f3n de supuestos ataques del Ej\u00e9rcito \u00c1rabe Siria contra un convoy de ayuda humanitaria en el campo de Alepo.<\/p>\n<p style=\"text-align: justify\">La fuente dijo a SANA que \u201cson infundadas las informaciones transmitidas por algunos medios de comunicaci\u00f3n sobre un ataque del Ej\u00e9rcito \u00c1rabe Siria dirigido contra un convoy de ayuda humanitaria en el campo norte de Alepo.<\/p>\n<p><em>M.Miri<\/em><\/p>\n","protected":false},"excerpt":{"rendered":"<p>Damasco, SANA&#8211; Una fuente militar refut\u00f3 informaciones difundidas por unos medios de comunicaci\u00f3n de supuestos ataques del Ej\u00e9rcito \u00c1rabe Siria contra un convoy de ayuda humanitaria en el campo de Alepo. La fuente dijo a SANA que \u201cson infundadas las informaciones transmitidas por algunos medios de comunicaci\u00f3n sobre un ataque del Ej\u00e9rcito \u00c1rabe Siria dirigido &hellip;<\/p>\n","protected":false},"author":1,"featured_media":52213,"comment_status":"closed","ping_status":"closed","sticky":false,"template":"","format":"standard","meta":{"footnotes":""},"categories":[583],"tags":[9365],"class_list":["post-52212","post","type-post","status-publish","format-standard","has-post-thumbnail","","category-slide","tag-siria-refuta-acusaciones-de-ataque-a-un-convoy-de-ayuda-humanitaria-en-alepo"],"_links":{"self":[{"href":"https:\/\/archive.sana.sy\/es\/index.php?rest_route=\/wp\/v2\/posts\/52212"}],"collection":[{"href":"https:\/\/archive.sana.sy\/es\/index.php?rest_route=\/wp\/v2\/posts"}],"about":[{"href":"https:\/\/archive.sana.sy\/es\/index.php?rest_route=\/wp\/v2\/types\/post"}],"author":[{"embeddable":true,"href":"https:\/\/archive.sana.sy\/es\/index.php?rest_route=\/wp\/v2\/users\/1"}],"replies":[{"embeddable":true,"href":"https:\/\/archive.sana.sy\/es\/index.php?rest_route=%2Fwp%2Fv2%2Fcomments&post=52212"}],"version-history":[{"count":0,"href":"https:\/\/archive.sana.sy\/es\/index.php?rest_route=\/wp\/v2\/posts\/52212\/revisions"}],"wp:featuredmedia":[{"embeddable":true,"href":"https:\/\/archive.sana.sy\/es\/index.php?rest_route=\/wp\/v2\/media\/52213"}],"wp:attachment":[{"href":"https:\/\/archive.sana.sy\/es\/index.php?rest_route=%2Fwp%2Fv2%2Fmedia&parent=52212"}],"wp:term":[{"taxonomy":"category","embeddable":true,"href":"https:\/\/archive.sana.sy\/es\/index.php?rest_route=%2Fwp%2Fv2%2Fcategories&post=52212"},{"taxonomy":"post_tag","embeddable":true,"href":"https:\/\/archive.sana.sy\/es\/index.php?rest_route=%2Fwp%2Fv2%2Ftags&post=52212"}],"curies":[{"name":"wp","href":"https:\/\/api.w.org\/{rel}","templated":true}]}}