{"id":52222,"date":"2016-09-21T11:58:09","date_gmt":"2016-09-21T08:58:09","guid":{"rendered":"http:\/\/www.sana.sy\/es\/?p=52222"},"modified":"2016-09-21T11:58:09","modified_gmt":"2016-09-21T08:58:09","slug":"bagheri-ee-uu-los-sionistas-y-los-terroristas-tienen-el-objetivo-comun-de-destruir-a-siria-e-irak","status":"publish","type":"post","link":"https:\/\/archive.sana.sy\/es\/?p=52222","title":{"rendered":"Bagheri: EE.UU, los sionistas y los terroristas tienen el objetivo com\u00fan de destruir a Siria e Irak"},"content":{"rendered":"<p style=\"text-align: justify\"><span style=\"color: #800000\">Teher\u00e1n, SANA<\/span><\/p>\n<p style=\"text-align: justify\">El Jefe del Estado Mayor General de las Fuerzas Armadas iran\u00edes el mayor general Mohammad Bagheri afirm\u00f3 que el objetivo final de Estados Unidos, de los sionistas y de los terroristas es la destrucci\u00f3n de Siria e Irak y su distanciamiento del eje de la resistencia, se\u00f1alando que los estadounidenses est\u00e1n tratando de explotar la ideolog\u00eda wahab\u00ed para atacar al Islam y a los pueblos de la regi\u00f3n.<\/p>\n<p style=\"text-align: justify\">En un discurso pronunciado durante un desfile militar en el sur de la capital Teher\u00e1n, Bagheri dijo hoy que Ir\u00e1n vigila todos los movimientos del enemigo en la zona y fue capaz de frustrar sus planes.<\/p>\n<p style=\"text-align: justify\">Cabe resaltar que Ir\u00e1n celebra la conmemoraci\u00f3n del trig\u00e9simo sexto aniversario de la Semana de la Defensa Sagrada con un desfile militar el 21 de septiembre de cada a\u00f1o.<\/p>\n<p style=\"text-align: justify\">\n<p><span style=\"color: #0000ff\">Fady M., Hala B.<\/span><\/p>\n","protected":false},"excerpt":{"rendered":"<p>Teher\u00e1n, SANA El Jefe del Estado Mayor General de las Fuerzas Armadas iran\u00edes el mayor general Mohammad Bagheri afirm\u00f3 que el objetivo final de Estados Unidos, de los sionistas y de los terroristas es la destrucci\u00f3n de Siria e Irak y su distanciamiento del eje de la resistencia, se\u00f1alando que los estadounidenses est\u00e1n tratando de &hellip;<\/p>\n","protected":false},"author":1,"featured_media":52223,"comment_status":"closed","ping_status":"closed","sticky":false,"template":"","format":"standard","meta":{"footnotes":""},"categories":[456,457,7541],"tags":[9368,9369],"class_list":["post-52222","post","type-post","status-publish","format-standard","has-post-thumbnail","","category-arabe-internacional-politica","category-noticias-arabe-internacional-politica","category-ultimas-noticias","tag-bagheri-ee-uu","tag-los-sionistas-y-los-terroristas-tienen-el-objetivo-comun-de-destruir-a-siria-e-irak"],"_links":{"self":[{"href":"https:\/\/archive.sana.sy\/es\/index.php?rest_route=\/wp\/v2\/posts\/52222"}],"collection":[{"href":"https:\/\/archive.sana.sy\/es\/index.php?rest_route=\/wp\/v2\/posts"}],"about":[{"href":"https:\/\/archive.sana.sy\/es\/index.php?rest_route=\/wp\/v2\/types\/post"}],"author":[{"embeddable":true,"href":"https:\/\/archive.sana.sy\/es\/index.php?rest_route=\/wp\/v2\/users\/1"}],"replies":[{"embeddable":true,"href":"https:\/\/archive.sana.sy\/es\/index.php?rest_route=%2Fwp%2Fv2%2Fcomments&post=52222"}],"version-history":[{"count":0,"href":"https:\/\/archive.sana.sy\/es\/index.php?rest_route=\/wp\/v2\/posts\/52222\/revisions"}],"wp:featuredmedia":[{"embeddable":true,"href":"https:\/\/archive.sana.sy\/es\/index.php?rest_route=\/wp\/v2\/media\/52223"}],"wp:attachment":[{"href":"https:\/\/archive.sana.sy\/es\/index.php?rest_route=%2Fwp%2Fv2%2Fmedia&parent=52222"}],"wp:term":[{"taxonomy":"category","embeddable":true,"href":"https:\/\/archive.sana.sy\/es\/index.php?rest_route=%2Fwp%2Fv2%2Fcategories&post=52222"},{"taxonomy":"post_tag","embeddable":true,"href":"https:\/\/archive.sana.sy\/es\/index.php?rest_route=%2Fwp%2Fv2%2Ftags&post=52222"}],"curies":[{"name":"wp","href":"https:\/\/api.w.org\/{rel}","templated":true}]}}