{"id":52404,"date":"2016-09-23T21:15:35","date_gmt":"2016-09-23T18:15:35","guid":{"rendered":"http:\/\/www.sana.sy\/es\/?p=52404"},"modified":"2016-09-23T23:05:25","modified_gmt":"2016-09-23T20:05:25","slug":"dos-heridos-por-un-ataque-terrorista-contra-el-barrio-de-al-martini-en-alepo","status":"publish","type":"post","link":"https:\/\/archive.sana.sy\/es\/?p=52404","title":{"rendered":"Dos heridos por un ataque terrorista  contra el barrio de al Martini en Alepo"},"content":{"rendered":"<p><span style=\"color: #800000;\">Alepo- SANA<\/span><\/p>\n<p>Dos personas resultaron heridas por una agresi\u00f3n terrorista con un cohete contra el barrio de al Martini en Alepo, adem\u00e1s de causar da\u00f1os materiales en las propiedades p\u00fablicas y privadas.<\/p>\n<p>Un cohete lanzado ayer por los terroristas contra el barrio de al Maari caus\u00f3 la herida de una ni\u00f1a, y da\u00f1os materiales en la Escuela de al Maari.<\/p>\n<p>Grupos terroristas como \u201cAhrar al Sham\u201d, \u201cLegi\u00f3n de al Sham\u201d, \u201cel Movimiento de Nur al Din al Zenki\u201d, y otros grupos m\u00e1s se despliegan en diferentes barrios de Alepo y atacan los barrios seguros con cohetes, ametralladoras, y francotiradores.<\/p>\n<p>&nbsp;<\/p>\n<p>&nbsp;<\/p>\n<p><span style=\"color: #0000ff;\">Akram. S<\/span><\/p>\n","protected":false},"excerpt":{"rendered":"<p>Alepo- SANA Dos personas resultaron heridas por una agresi\u00f3n terrorista con un cohete contra el barrio de al Martini en Alepo, adem\u00e1s de causar da\u00f1os materiales en las propiedades p\u00fablicas y privadas. Un cohete lanzado ayer por los terroristas contra el barrio de al Maari caus\u00f3 la herida de una ni\u00f1a, y da\u00f1os materiales en &hellip;<\/p>\n","protected":false},"author":1,"featured_media":52405,"comment_status":"closed","ping_status":"closed","sticky":false,"template":"","format":"standard","meta":{"footnotes":""},"categories":[597,476,7541],"tags":[],"class_list":["post-52404","post","type-post","status-publish","format-standard","has-post-thumbnail","","category-cinta-de-noticias","category-locales","category-ultimas-noticias"],"_links":{"self":[{"href":"https:\/\/archive.sana.sy\/es\/index.php?rest_route=\/wp\/v2\/posts\/52404"}],"collection":[{"href":"https:\/\/archive.sana.sy\/es\/index.php?rest_route=\/wp\/v2\/posts"}],"about":[{"href":"https:\/\/archive.sana.sy\/es\/index.php?rest_route=\/wp\/v2\/types\/post"}],"author":[{"embeddable":true,"href":"https:\/\/archive.sana.sy\/es\/index.php?rest_route=\/wp\/v2\/users\/1"}],"replies":[{"embeddable":true,"href":"https:\/\/archive.sana.sy\/es\/index.php?rest_route=%2Fwp%2Fv2%2Fcomments&post=52404"}],"version-history":[{"count":0,"href":"https:\/\/archive.sana.sy\/es\/index.php?rest_route=\/wp\/v2\/posts\/52404\/revisions"}],"wp:featuredmedia":[{"embeddable":true,"href":"https:\/\/archive.sana.sy\/es\/index.php?rest_route=\/wp\/v2\/media\/52405"}],"wp:attachment":[{"href":"https:\/\/archive.sana.sy\/es\/index.php?rest_route=%2Fwp%2Fv2%2Fmedia&parent=52404"}],"wp:term":[{"taxonomy":"category","embeddable":true,"href":"https:\/\/archive.sana.sy\/es\/index.php?rest_route=%2Fwp%2Fv2%2Fcategories&post=52404"},{"taxonomy":"post_tag","embeddable":true,"href":"https:\/\/archive.sana.sy\/es\/index.php?rest_route=%2Fwp%2Fv2%2Ftags&post=52404"}],"curies":[{"name":"wp","href":"https:\/\/api.w.org\/{rel}","templated":true}]}}