{"id":5241,"date":"2014-07-20T18:14:22","date_gmt":"2014-07-20T15:14:22","guid":{"rendered":"http:\/\/www.sana.sy\/es\/?p=5241"},"modified":"2014-07-20T18:14:22","modified_gmt":"2014-07-20T15:14:22","slug":"existe-29-espanoles-combatiendo-con-el-eiil-en-siria","status":"publish","type":"post","link":"https:\/\/archive.sana.sy\/es\/?p=5241","title":{"rendered":"Existe 29 espa\u00f1oles combatiendo con el EIIL en Siria"},"content":{"rendered":"<p><span style=\"color: #800000\">Madrid-SANA<\/span><\/p>\n<p>Los expertos en terrorismo yihadista han detectado a 29 espa\u00f1oles combatiendo actualmente en Siria, aunque la cifra podr\u00eda ser mayor porque posiblemente haya otros que no han podido ser localizados, seg\u00fan la fiscal coordinadora de terrorismo internacional en la Audiencia Nacional, Dolores Delgado.<\/p>\n<p>En una entrevista con Efe, la fiscal Delgado ha explicado que en Siria, los combatientes extranjeros de origen europeo son un 18 por ciento de un total de unos 2.000, que se reparten entre franceses, Reino Unido, Alemania, B\u00e9lgica, Holanda y Espa\u00f1a.<\/p>\n<p>Dolores Delgado, destac\u00f3 que fuentes oficiales franceses hablan de que en estos momentos hay 63 combatientes en Siria, mientras otras fuentes hablan de cifras hasta m\u00e1s de 461.<\/p>\n<p>&#8220;De Espa\u00f1a se habla de 29 yihadistas que est\u00e1n combatiendo en Siria\u2026 Se trata de musulmanes j\u00f3venes de origen espa\u00f1ol, de segunda o tercera generaci\u00f3n, o con residencia legal en Espa\u00f1a&#8221;, asegura.<\/p>\n<p>Delgado agreg\u00f3 que el 80 por ciento de los europeos que va a Siria se unen a la organizaci\u00f3n del Estado Isl\u00e1mico de Irak y Levante (EIIL) y las v\u00edas de entrada son fundamentalmente Turqu\u00eda, Bulgaria, Grecia y T\u00fanez.<\/p>\n<p>Delgado se\u00f1al\u00f3 que antes de la guerra en Siria, uno de los principales destinos de los yihadistas era Irak, donde las acciones de los yihadistas eran acciones suicidas.<\/p>\n<p>&#8220;En Siria hay m\u00e1s combate, m\u00e1s preparaci\u00f3n militar. No hace falta realizar atentados suicidas, se hacen m\u00e1s bien ejecuciones directas&#8221;, anot\u00f3.<\/p>\n<p>&#8220;la zona de Siria es mucho m\u00e1s atractiva para los yihadistas que otros estados como por ejemplo Mali, porque no es des\u00e9rtica y los traslados son m\u00e1s f\u00e1ciles y baratos. Tiene menos penuria llegar a Siria que a Mali&#8221;. Precis\u00f3.<\/p>\n<p><span style=\"color: #333399\">Yamil K.<\/span><\/p>\n","protected":false},"excerpt":{"rendered":"<p>Madrid-SANA Los expertos en terrorismo yihadista han detectado a 29 espa\u00f1oles combatiendo actualmente en Siria, aunque la cifra podr\u00eda ser mayor porque posiblemente haya otros que no han podido ser localizados, seg\u00fan la fiscal coordinadora de terrorismo internacional en la Audiencia Nacional, Dolores Delgado. En una entrevista con Efe, la fiscal Delgado ha explicado que &hellip;<\/p>\n","protected":false},"author":1,"featured_media":5242,"comment_status":"closed","ping_status":"closed","sticky":false,"template":"","format":"standard","meta":{"footnotes":""},"categories":[447,456,576],"tags":[],"class_list":["post-5241","post","type-post","status-publish","format-standard","has-post-thumbnail","","category-local-politica","category-arabe-internacional-politica","category-noticias-politicas"],"_links":{"self":[{"href":"https:\/\/archive.sana.sy\/es\/index.php?rest_route=\/wp\/v2\/posts\/5241"}],"collection":[{"href":"https:\/\/archive.sana.sy\/es\/index.php?rest_route=\/wp\/v2\/posts"}],"about":[{"href":"https:\/\/archive.sana.sy\/es\/index.php?rest_route=\/wp\/v2\/types\/post"}],"author":[{"embeddable":true,"href":"https:\/\/archive.sana.sy\/es\/index.php?rest_route=\/wp\/v2\/users\/1"}],"replies":[{"embeddable":true,"href":"https:\/\/archive.sana.sy\/es\/index.php?rest_route=%2Fwp%2Fv2%2Fcomments&post=5241"}],"version-history":[{"count":0,"href":"https:\/\/archive.sana.sy\/es\/index.php?rest_route=\/wp\/v2\/posts\/5241\/revisions"}],"wp:featuredmedia":[{"embeddable":true,"href":"https:\/\/archive.sana.sy\/es\/index.php?rest_route=\/wp\/v2\/media\/5242"}],"wp:attachment":[{"href":"https:\/\/archive.sana.sy\/es\/index.php?rest_route=%2Fwp%2Fv2%2Fmedia&parent=5241"}],"wp:term":[{"taxonomy":"category","embeddable":true,"href":"https:\/\/archive.sana.sy\/es\/index.php?rest_route=%2Fwp%2Fv2%2Fcategories&post=5241"},{"taxonomy":"post_tag","embeddable":true,"href":"https:\/\/archive.sana.sy\/es\/index.php?rest_route=%2Fwp%2Fv2%2Ftags&post=5241"}],"curies":[{"name":"wp","href":"https:\/\/api.w.org\/{rel}","templated":true}]}}