{"id":5246,"date":"2014-07-20T19:17:42","date_gmt":"2014-07-20T16:17:42","guid":{"rendered":"http:\/\/www.sana.sy\/es\/?p=5246"},"modified":"2014-07-20T19:17:42","modified_gmt":"2014-07-20T16:17:42","slug":"celebrado-foro-de-lealtad-a-gaza-en-damasco","status":"publish","type":"post","link":"https:\/\/archive.sana.sy\/es\/?p=5246","title":{"rendered":"Celebrado &#8220;Foro de Lealtad a Gaza&#8221; en Damasco"},"content":{"rendered":"<p><span style=\"color: #800000\">Damasco-SANA<\/span><\/p>\n<p>En apoyo al pueblo palestino frente a la agresi\u00f3n sionista contra Gaza, las fuerzas, facciones, instituciones y personalidades palestinas organizaron el &#8220;Foro de Lealtad a Gaza&#8221; en la sede del Consejo Nacional Palestino en Damasco.<\/p>\n<p>El Secretario General de la Coalici\u00f3n de la Revoluci\u00f3n Palestina, Khaled Abdulmayid, afirm\u00f3 que los ciudadanos palestinos en Gaza escriben su futuro en el registro de la naci\u00f3n \u00e1rabe con letras de oro a trav\u00e9s de enfrentar a la injusta agresi\u00f3n sionista pese a sus cortos recursos en comparaci\u00f3n con la maquinaria de guerra israel\u00ed apoyada por EEUU.<\/p>\n<p><span style=\"color: #333399\">Yamil K.<\/span><\/p>\n","protected":false},"excerpt":{"rendered":"<p>Damasco-SANA En apoyo al pueblo palestino frente a la agresi\u00f3n sionista contra Gaza, las fuerzas, facciones, instituciones y personalidades palestinas organizaron el &#8220;Foro de Lealtad a Gaza&#8221; en la sede del Consejo Nacional Palestino en Damasco. El Secretario General de la Coalici\u00f3n de la Revoluci\u00f3n Palestina, Khaled Abdulmayid, afirm\u00f3 que los ciudadanos palestinos en Gaza &hellip;<\/p>\n","protected":false},"author":1,"featured_media":5247,"comment_status":"closed","ping_status":"closed","sticky":false,"template":"","format":"standard","meta":{"footnotes":""},"categories":[447,476,576],"tags":[],"class_list":["post-5246","post","type-post","status-publish","format-standard","has-post-thumbnail","","category-local-politica","category-locales","category-noticias-politicas"],"_links":{"self":[{"href":"https:\/\/archive.sana.sy\/es\/index.php?rest_route=\/wp\/v2\/posts\/5246"}],"collection":[{"href":"https:\/\/archive.sana.sy\/es\/index.php?rest_route=\/wp\/v2\/posts"}],"about":[{"href":"https:\/\/archive.sana.sy\/es\/index.php?rest_route=\/wp\/v2\/types\/post"}],"author":[{"embeddable":true,"href":"https:\/\/archive.sana.sy\/es\/index.php?rest_route=\/wp\/v2\/users\/1"}],"replies":[{"embeddable":true,"href":"https:\/\/archive.sana.sy\/es\/index.php?rest_route=%2Fwp%2Fv2%2Fcomments&post=5246"}],"version-history":[{"count":0,"href":"https:\/\/archive.sana.sy\/es\/index.php?rest_route=\/wp\/v2\/posts\/5246\/revisions"}],"wp:featuredmedia":[{"embeddable":true,"href":"https:\/\/archive.sana.sy\/es\/index.php?rest_route=\/wp\/v2\/media\/5247"}],"wp:attachment":[{"href":"https:\/\/archive.sana.sy\/es\/index.php?rest_route=%2Fwp%2Fv2%2Fmedia&parent=5246"}],"wp:term":[{"taxonomy":"category","embeddable":true,"href":"https:\/\/archive.sana.sy\/es\/index.php?rest_route=%2Fwp%2Fv2%2Fcategories&post=5246"},{"taxonomy":"post_tag","embeddable":true,"href":"https:\/\/archive.sana.sy\/es\/index.php?rest_route=%2Fwp%2Fv2%2Ftags&post=5246"}],"curies":[{"name":"wp","href":"https:\/\/api.w.org\/{rel}","templated":true}]}}