{"id":52517,"date":"2016-09-25T18:09:21","date_gmt":"2016-09-25T15:09:21","guid":{"rendered":"http:\/\/www.sana.sy\/es\/?p=52517"},"modified":"2016-09-25T18:13:12","modified_gmt":"2016-09-25T15:13:12","slug":"martires-y-heridos-por-ataques-terroristas-en-qunietra-y-damasco","status":"publish","type":"post","link":"https:\/\/archive.sana.sy\/es\/?p=52517","title":{"rendered":"M\u00e1rtires y heridos por ataques terroristas en Qunietra y Damasco"},"content":{"rendered":"<p>Provincias-SANA<\/p>\n<p>Una fuente de la comandancia de la polic\u00eda de Qunietra dijo que terroristas del frente Al-Nusra desplegados en las colinas Hemer, abrieron el fuego contra los campesinos del poblado de hadar, dejando una ni\u00f1a gravemente herida.<\/p>\n<p>La ni\u00f1a recibi\u00f3 un disparo en el pecho y fue trasladas a un hospital en Damasco para recibir tratamiento.<\/p>\n<p>Por otro lado, terroristas del frente Al-Nusra detonaron un artefacto explosivo improvisado que colocaron en un tractor en la zona de Ain Basatin, al oeste de la ciudad de Saasa, hecho que caus\u00f3 la muerte de dos personas y la destrucci\u00f3n de la m\u00e1quina.<\/p>\n<p>Yamil K.<\/p>\n","protected":false},"excerpt":{"rendered":"<p>Provincias-SANA Una fuente de la comandancia de la polic\u00eda de Qunietra dijo que terroristas del frente Al-Nusra desplegados en las colinas Hemer, abrieron el fuego contra los campesinos del poblado de hadar, dejando una ni\u00f1a gravemente herida. La ni\u00f1a recibi\u00f3 un disparo en el pecho y fue trasladas a un hospital en Damasco para recibir &hellip;<\/p>\n","protected":false},"author":1,"featured_media":25946,"comment_status":"closed","ping_status":"closed","sticky":false,"template":"","format":"standard","meta":{"footnotes":""},"categories":[573,583,7541],"tags":[],"class_list":["post-52517","post","type-post","status-publish","format-standard","has-post-thumbnail","","category-la-realidad-de-los-acontecimientos-en-siria","category-slide","category-ultimas-noticias"],"_links":{"self":[{"href":"https:\/\/archive.sana.sy\/es\/index.php?rest_route=\/wp\/v2\/posts\/52517"}],"collection":[{"href":"https:\/\/archive.sana.sy\/es\/index.php?rest_route=\/wp\/v2\/posts"}],"about":[{"href":"https:\/\/archive.sana.sy\/es\/index.php?rest_route=\/wp\/v2\/types\/post"}],"author":[{"embeddable":true,"href":"https:\/\/archive.sana.sy\/es\/index.php?rest_route=\/wp\/v2\/users\/1"}],"replies":[{"embeddable":true,"href":"https:\/\/archive.sana.sy\/es\/index.php?rest_route=%2Fwp%2Fv2%2Fcomments&post=52517"}],"version-history":[{"count":0,"href":"https:\/\/archive.sana.sy\/es\/index.php?rest_route=\/wp\/v2\/posts\/52517\/revisions"}],"wp:featuredmedia":[{"embeddable":true,"href":"https:\/\/archive.sana.sy\/es\/index.php?rest_route=\/wp\/v2\/media\/25946"}],"wp:attachment":[{"href":"https:\/\/archive.sana.sy\/es\/index.php?rest_route=%2Fwp%2Fv2%2Fmedia&parent=52517"}],"wp:term":[{"taxonomy":"category","embeddable":true,"href":"https:\/\/archive.sana.sy\/es\/index.php?rest_route=%2Fwp%2Fv2%2Fcategories&post=52517"},{"taxonomy":"post_tag","embeddable":true,"href":"https:\/\/archive.sana.sy\/es\/index.php?rest_route=%2Fwp%2Fv2%2Ftags&post=52517"}],"curies":[{"name":"wp","href":"https:\/\/api.w.org\/{rel}","templated":true}]}}