{"id":5260,"date":"2014-07-21T19:25:26","date_gmt":"2014-07-21T16:25:26","guid":{"rendered":"http:\/\/www.sana.sy\/es\/?p=5260"},"modified":"2014-07-22T16:40:04","modified_gmt":"2014-07-22T13:40:04","slug":"liquidados-terroristas-a-manos-del-ejercito-sirio-en-varias-provincias-del-pais","status":"publish","type":"post","link":"https:\/\/archive.sana.sy\/es\/?p=5260","title":{"rendered":"Liquidados terroristas a manos del ej\u00e9rcito sirio en varias provincias del pa\u00eds"},"content":{"rendered":"<p><span style=\"color: #ff0000\"><strong>Provincias, SANA<\/strong><\/span><\/p>\n<p><strong>Unidades de las fuerzas armadas continuaron sus operativos contra los terroristas en Alepo, donde eliminaron a numerosos elementos y destruyeron sus pertrechos b\u00e9licos.<\/strong><\/p>\n<p><strong>Una fuente militar declar\u00f3 que unidades de las fuerzas armadas liquidaron a un n\u00famero de terroristas e hirieron a otros en operativos contra sus escondites en las zonas de Al Shekh Letfi y Tal Karrah y Anadan en la misma provincia de Alepo.<\/strong><\/p>\n<p><span style=\"color: #0000ff\"><strong>Devastado un t\u00fanel de terroristas en Yobar<\/strong><\/span><\/p>\n<p><strong>Una fuente militar dijo que un destacamento del ej\u00e9rcito deton\u00f3 un t\u00fanel de terroristas.<\/strong><\/p>\n<p><strong>La fuente agreg\u00f3 que el t\u00fanel ten\u00eda 400 metros de longitud, 12 metros de profundidad, 80 cm de anchura y 170 cm de altura, adem\u00e1s de tener corriente el\u00e9ctrica, cameras de vigilancia, dispositivos de comunicaci\u00f3n y artefactos explosivos.<\/strong><\/p>\n<p><span style=\"color: #0000ff\"><strong>Eliminados terroristas en Damasco Campo<\/strong><\/span><\/p>\n<p><strong>En Damasco Campo, escuadras del ej\u00e9rcito dejaron a numerosos terroristas entre muertos y heridos en Al Mer y el pueblo de Al Husenie.<\/strong><\/p>\n<p><strong>Una fuente militar declar\u00f3 que otras escuadras del ej\u00e9rcito acab\u00f3 con terroristas mientras lesionaron a otros en un intento de infiltraci\u00f3n desde Khan Al Shih en la carretera de Qunietira.<\/strong><\/p>\n<p><strong>En Homs, unidades de las fuerzas armadas destruyeron veh\u00edculos en que se desplazaban terroristas.<\/strong><\/p>\n<p><strong>Una fuente militar declar\u00f3 que unidades de las fuerzas armadas arrasaron con terroristas en varias zonas de la provincia pr\u00f3ximas a la ciudad de Tdmor (Palmira). As\u00ed como la fuente agreg\u00f3 que escuadras de un destacamento del ej\u00e9rcito mataron a terroristas cerca de la escuela de Em Sharshoh y las fincas de Oed y Oes.<\/strong><\/p>\n<p><strong>La misma\u00a0fuente dijo que unidades del ej\u00e9rcito atacaron focos de terroristas y sus zulos en el barrio de Waar y en el poblado de Am Rish y la regi\u00f3n de Abu Yamra, en la campi\u00f1a de Homs, dejando muertos y heridos en las filas de los terroristas.<\/strong><\/p>\n<p><strong><span style=\"color: #0000ff\">Unidades del ej\u00e9rcito eliminan a terroristas extranjeros en la campi\u00f1a de Idleb<\/span><\/strong><\/p>\n<p><strong><span style=\"color: #000000\">Una fuente militar inform\u00f3 que unidades de las fuerzas armadas atacaron focos y zulos de terroristas en los poblados de Mishmshan, Ariha, Nahleh, Corin Y Kafar Ruma en la campi\u00f1a de idleb, eliminando a varios terroristas, algunos de ellos mercenarios extranjeros, adem\u00e1s de destruir un coche artillado y tres veh\u00edculos blindados.<\/span><\/strong><\/p>\n<p><span style=\"color: #0000ff\"><strong>Eliminados terroristas en la provincia de Deraa<\/strong><\/span><\/p>\n<p><strong>Una fuente militar dijo que unidades de las fuerzas armadas atacaron focos y refugios de terroristas en varios poblados y zonas de la campi\u00f1a de Deraa.<\/strong><\/p>\n<p><strong>La fuente se\u00f1al\u00f3 que en las ofensivas fueron eliminados numerosos terroristas y destruidas sus armas.<\/strong><\/p>\n<p><strong>Por otro lado, el ej\u00e9rcito frustr\u00f3 intentos de terroristas de infiltrarse en sitios militares lo que result\u00f3 en la muerte de numerosos y la lesi\u00f3n de otros en los pueblos de Athaman y Dael.<\/strong><\/p>\n<p><strong><span style=\"color: #333399\">Hala B., Ryad Sh..Yamil K.<\/span><\/strong><\/p>\n<p><strong>\u00a0<\/strong><\/p>\n","protected":false},"excerpt":{"rendered":"<p>Provincias, SANA Unidades de las fuerzas armadas continuaron sus operativos contra los terroristas en Alepo, donde eliminaron a numerosos elementos y destruyeron sus pertrechos b\u00e9licos. Una fuente militar declar\u00f3 que unidades de las fuerzas armadas liquidaron a un n\u00famero de terroristas e hirieron a otros en operativos contra sus escondites en las zonas de Al &hellip;<\/p>\n","protected":false},"author":1,"featured_media":5261,"comment_status":"closed","ping_status":"closed","sticky":false,"template":"","format":"standard","meta":{"footnotes":""},"categories":[573],"tags":[],"class_list":["post-5260","post","type-post","status-publish","format-standard","has-post-thumbnail","","category-la-realidad-de-los-acontecimientos-en-siria"],"_links":{"self":[{"href":"https:\/\/archive.sana.sy\/es\/index.php?rest_route=\/wp\/v2\/posts\/5260"}],"collection":[{"href":"https:\/\/archive.sana.sy\/es\/index.php?rest_route=\/wp\/v2\/posts"}],"about":[{"href":"https:\/\/archive.sana.sy\/es\/index.php?rest_route=\/wp\/v2\/types\/post"}],"author":[{"embeddable":true,"href":"https:\/\/archive.sana.sy\/es\/index.php?rest_route=\/wp\/v2\/users\/1"}],"replies":[{"embeddable":true,"href":"https:\/\/archive.sana.sy\/es\/index.php?rest_route=%2Fwp%2Fv2%2Fcomments&post=5260"}],"version-history":[{"count":0,"href":"https:\/\/archive.sana.sy\/es\/index.php?rest_route=\/wp\/v2\/posts\/5260\/revisions"}],"wp:featuredmedia":[{"embeddable":true,"href":"https:\/\/archive.sana.sy\/es\/index.php?rest_route=\/wp\/v2\/media\/5261"}],"wp:attachment":[{"href":"https:\/\/archive.sana.sy\/es\/index.php?rest_route=%2Fwp%2Fv2%2Fmedia&parent=5260"}],"wp:term":[{"taxonomy":"category","embeddable":true,"href":"https:\/\/archive.sana.sy\/es\/index.php?rest_route=%2Fwp%2Fv2%2Fcategories&post=5260"},{"taxonomy":"post_tag","embeddable":true,"href":"https:\/\/archive.sana.sy\/es\/index.php?rest_route=%2Fwp%2Fv2%2Ftags&post=5260"}],"curies":[{"name":"wp","href":"https:\/\/api.w.org\/{rel}","templated":true}]}}