{"id":5283,"date":"2014-07-22T12:01:56","date_gmt":"2014-07-22T09:01:56","guid":{"rendered":"http:\/\/www.sana.sy\/es\/?p=5283"},"modified":"2014-07-22T12:01:56","modified_gmt":"2014-07-22T09:01:56","slug":"prosigue-la-agresion-israeli-contra-gaza-4-martires-palestinos-y-el-ocupante-sionista-reconoce-la-muerte-de-dos-de-sus-soldados","status":"publish","type":"post","link":"https:\/\/archive.sana.sy\/es\/?p=5283","title":{"rendered":"Prosigue la agresi\u00f3n israel\u00ed contra Gaza\u2026 4 m\u00e1rtires palestinos, y el ocupante sionista reconoce la muerte de dos de sus soldados"},"content":{"rendered":"<p><span lang=\"ES\" style=\"font-family: 'Arial','sans-serif';color: #c00000;font-size: 14pt;border: windowtext 1pt;padding: 0cm\">Gaza, SANA<\/span><\/p>\n<p><span lang=\"ES\" style=\"font-family: 'Arial','sans-serif';font-size: 14pt;border: windowtext 1pt;padding: 0cm\">Las fuerzas de ocupaci\u00f3n israel\u00edes han continuado su agresi\u00f3n por tierra, a\u00edre y mar contra la Franja de Gaza, causando la muerte de cuatro palestinos, lo que asciende la cifra de v\u00edctimas mortales palestinas en los 15 d\u00edas de agresi\u00f3n, a m\u00e1s de 575 m\u00e1rtires, entre ellos cientos de ni\u00f1os y mujeres, y m\u00e1s de 3.300 heridos.<\/span><\/p>\n<p><span lang=\"ES\" style=\"font-family: 'Arial','sans-serif';font-size: 14pt;border: windowtext 1pt;padding: 0cm\">Este martes, las fuerzas de ocupaci\u00f3n lanzaron una serie de ataques a\u00e9reos y con artiller\u00eda contra las localidades de Khan Yunis y Deir al-Balah, en el centro y el norte de Gaza, lo que caus\u00f3 la muerte de cuatro palestinos y provoc\u00f3 enorme destrucci\u00f3n en las propiedades y las casas de los civiles palestinos.<\/span><\/p>\n<p><span lang=\"ES\" style=\"font-family: 'Arial','sans-serif';color: #548dd4;font-size: 14pt;border: windowtext 1pt;padding: 0cm\">Israel reconoce la muerte de dos soldados<\/span><\/p>\n<p><span lang=\"ES\" style=\"font-family: 'Arial','sans-serif';font-size: 14pt;border: windowtext 1pt;padding: 0cm\">Por otro lado, las fuerzas de ocupaci\u00f3n israel\u00edes admitieron la muerte de dos de sus soldados en la respuesta de la resistencia palestina a las continuas agresiones de la ocupaci\u00f3n, lo que asciende a 27 el n\u00famero de soldados israel\u00edes muertos desde el inicio de la agresi\u00f3n.<\/span><\/p>\n<p><span lang=\"ES\" style=\"font-family: 'Arial','sans-serif';font-size: 14pt;border: windowtext 1pt;padding: 0cm\">Las fuerzas <\/span><span lang=\"ES-TRAD\" style=\"font-family: 'Arial','sans-serif';font-size: 14pt;border: windowtext 1pt;padding: 0cm\">sionistas <\/span><span lang=\"ES\" style=\"font-family: 'Arial','sans-serif';font-size: 14pt;border: windowtext 1pt;padding: 0cm\">hab\u00edan reconocido la muerte de siete soldados, adem\u00e1s de la lesi\u00f3n de otros 30, tres de ellos en estado grave, por las operaciones de la resistencia palestina en la Franja de Gaza.<\/span><\/p>\n<p><span lang=\"ES\" style=\"font-family: 'Arial','sans-serif';color: #548dd4;font-size: 14pt;border: windowtext 1pt;padding: 0cm\">EE.UU. advierte a sus ciudadanos de viajar a la entidad israel\u00ed y la Franja de Gaza<\/span><\/p>\n<p><span lang=\"ES\" style=\"font-family: 'Arial','sans-serif';font-size: 14pt;border: windowtext 1pt;padding: 0cm\">Por otro lado, Estados Unidos lanz\u00f3 una advertencia a sus ciudadanos en la que llam\u00f3 a no viajar a la entidad israel\u00ed y a la Franja de Gaza y Cisjordania, debido a la &#8220;extrema tensi\u00f3n que se vive en la regi\u00f3n.&#8221;<\/span><\/p>\n<p><span lang=\"ES\" style=\"font-family: 'Arial','sans-serif';font-size: 14pt;border: windowtext 1pt;padding: 0cm\">La advertencia fue lanzada a trav\u00e9s de un comunicado emitido por el Departamento de Estado de EE.UU.<\/span><span style=\"color: #888888\"><br \/><\/span><\/p>\n<p><strong><span style=\"color: #00ccff\">Fady M., Hala B.<\/span><\/strong><\/p>\n<p><span style=\"color: #888888\">\u00a0<\/span><\/p>\n","protected":false},"excerpt":{"rendered":"<p>Gaza, SANA Las fuerzas de ocupaci\u00f3n israel\u00edes han continuado su agresi\u00f3n por tierra, a\u00edre y mar contra la Franja de Gaza, causando la muerte de cuatro palestinos, lo que asciende la cifra de v\u00edctimas mortales palestinas en los 15 d\u00edas de agresi\u00f3n, a m\u00e1s de 575 m\u00e1rtires, entre ellos cientos de ni\u00f1os y mujeres, y &hellip;<\/p>\n","protected":false},"author":1,"featured_media":5284,"comment_status":"closed","ping_status":"closed","sticky":false,"template":"","format":"standard","meta":{"footnotes":""},"categories":[597,457,576],"tags":[1201,1202],"class_list":["post-5283","post","type-post","status-publish","format-standard","has-post-thumbnail","","category-cinta-de-noticias","category-noticias-arabe-internacional-politica","category-noticias-politicas","tag-prosigue-la-agresion-israeli-contra-gaza-4-martires-palestinos","tag-y-el-ocupante-sionista-reconoce-la-muerte-de-dos-de-sus-soldados"],"_links":{"self":[{"href":"https:\/\/archive.sana.sy\/es\/index.php?rest_route=\/wp\/v2\/posts\/5283"}],"collection":[{"href":"https:\/\/archive.sana.sy\/es\/index.php?rest_route=\/wp\/v2\/posts"}],"about":[{"href":"https:\/\/archive.sana.sy\/es\/index.php?rest_route=\/wp\/v2\/types\/post"}],"author":[{"embeddable":true,"href":"https:\/\/archive.sana.sy\/es\/index.php?rest_route=\/wp\/v2\/users\/1"}],"replies":[{"embeddable":true,"href":"https:\/\/archive.sana.sy\/es\/index.php?rest_route=%2Fwp%2Fv2%2Fcomments&post=5283"}],"version-history":[{"count":0,"href":"https:\/\/archive.sana.sy\/es\/index.php?rest_route=\/wp\/v2\/posts\/5283\/revisions"}],"wp:featuredmedia":[{"embeddable":true,"href":"https:\/\/archive.sana.sy\/es\/index.php?rest_route=\/wp\/v2\/media\/5284"}],"wp:attachment":[{"href":"https:\/\/archive.sana.sy\/es\/index.php?rest_route=%2Fwp%2Fv2%2Fmedia&parent=5283"}],"wp:term":[{"taxonomy":"category","embeddable":true,"href":"https:\/\/archive.sana.sy\/es\/index.php?rest_route=%2Fwp%2Fv2%2Fcategories&post=5283"},{"taxonomy":"post_tag","embeddable":true,"href":"https:\/\/archive.sana.sy\/es\/index.php?rest_route=%2Fwp%2Fv2%2Ftags&post=5283"}],"curies":[{"name":"wp","href":"https:\/\/api.w.org\/{rel}","templated":true}]}}