{"id":53004,"date":"2016-10-02T20:50:10","date_gmt":"2016-10-02T17:50:10","guid":{"rendered":"http:\/\/www.sana.sy\/es\/?p=53004"},"modified":"2016-10-02T23:05:45","modified_gmt":"2016-10-02T20:05:45","slug":"anonimos-continuan-ataques-ciberneticos-contra-el-sitio-web-de-sana","status":"publish","type":"post","link":"https:\/\/archive.sana.sy\/es\/?p=53004","title":{"rendered":"An\u00f3nimos contin\u00faan ataques cibern\u00e9ticos contra el sitio web de \u201cSANA\u201d"},"content":{"rendered":"<p><span style=\"color: #800000;\">Damasco-SANA<\/span><\/p>\n<p>El sitio web de la Agencia \u00c1rabe Siria de Noticias \/SANA\/ fue objeto de continuos ataques cibern\u00e9ticos por partes an\u00f3nimas que intentan bloquear la visita al sitio, y entrar al contenido de noticias, fotos y reportajes, que transmiten la realidad de los hechos en Siria.<\/p>\n<p>El personal t\u00e9cnico del sitio web trabaja para bloquearlo provisionalmente en los pa\u00edses por los que proceden estos ataques cibern\u00e9ticos.<\/p>\n<p>En este contexto, el sitio web de SANA fue bloqueado en los \u00faltimos tres d\u00edas en Afganist\u00e1n, Pakist\u00e1n, Turqu\u00eda, T\u00fanez, Alemania, EEUU, Hong Kong, y Palestina ocupada, porque unos ataques contra el sitio web de la Agencia se produjeron en dichos pa\u00edses. Y el personal t\u00e9cnico activar\u00e1 el sitio web en estos pa\u00edses cuando se elimine la amenaza y terminen dichos ataques.<\/p>\n<p>Los seguidores de la Agencia SANA pueden tener toda la informaci\u00f3n publicada en el sitio web, a trav\u00e9s de su p\u00e1gina en Facebook, Twitter, y su canal en Telegram, y los videos se pueden ver en su canal de Youtube.<\/p>\n<p>&nbsp;<\/p>\n<p><span style=\"color: #0000ff;\">Akram. S<\/span><\/p>\n","protected":false},"excerpt":{"rendered":"<p>Damasco-SANA El sitio web de la Agencia \u00c1rabe Siria de Noticias \/SANA\/ fue objeto de continuos ataques cibern\u00e9ticos por partes an\u00f3nimas que intentan bloquear la visita al sitio, y entrar al contenido de noticias, fotos y reportajes, que transmiten la realidad de los hechos en Siria. El personal t\u00e9cnico del sitio web trabaja para bloquearlo &hellip;<\/p>\n","protected":false},"author":1,"featured_media":53023,"comment_status":"closed","ping_status":"closed","sticky":false,"template":"","format":"standard","meta":{"footnotes":""},"categories":[477,597,476,7541],"tags":[],"class_list":["post-53004","post","type-post","status-publish","format-standard","has-post-thumbnail","","category-noticias-edulcorantes","category-cinta-de-noticias","category-locales","category-ultimas-noticias"],"_links":{"self":[{"href":"https:\/\/archive.sana.sy\/es\/index.php?rest_route=\/wp\/v2\/posts\/53004"}],"collection":[{"href":"https:\/\/archive.sana.sy\/es\/index.php?rest_route=\/wp\/v2\/posts"}],"about":[{"href":"https:\/\/archive.sana.sy\/es\/index.php?rest_route=\/wp\/v2\/types\/post"}],"author":[{"embeddable":true,"href":"https:\/\/archive.sana.sy\/es\/index.php?rest_route=\/wp\/v2\/users\/1"}],"replies":[{"embeddable":true,"href":"https:\/\/archive.sana.sy\/es\/index.php?rest_route=%2Fwp%2Fv2%2Fcomments&post=53004"}],"version-history":[{"count":0,"href":"https:\/\/archive.sana.sy\/es\/index.php?rest_route=\/wp\/v2\/posts\/53004\/revisions"}],"wp:featuredmedia":[{"embeddable":true,"href":"https:\/\/archive.sana.sy\/es\/index.php?rest_route=\/wp\/v2\/media\/53023"}],"wp:attachment":[{"href":"https:\/\/archive.sana.sy\/es\/index.php?rest_route=%2Fwp%2Fv2%2Fmedia&parent=53004"}],"wp:term":[{"taxonomy":"category","embeddable":true,"href":"https:\/\/archive.sana.sy\/es\/index.php?rest_route=%2Fwp%2Fv2%2Fcategories&post=53004"},{"taxonomy":"post_tag","embeddable":true,"href":"https:\/\/archive.sana.sy\/es\/index.php?rest_route=%2Fwp%2Fv2%2Ftags&post=53004"}],"curies":[{"name":"wp","href":"https:\/\/api.w.org\/{rel}","templated":true}]}}