{"id":53550,"date":"2016-10-09T21:43:49","date_gmt":"2016-10-09T18:43:49","guid":{"rendered":"http:\/\/www.sana.sy\/es\/?p=53550"},"modified":"2016-10-09T23:07:53","modified_gmt":"2016-10-09T20:07:53","slug":"ejercito-y-aviacion-militar-de-siria-acaban-con-terroristas-del-frente-de-al-nousra-y-el-estado-islamico-en-los-campos-de-idleb-hama-y-homs","status":"publish","type":"post","link":"https:\/\/archive.sana.sy\/es\/?p=53550","title":{"rendered":"Fuerzas del Ej\u00e9rcito aniquilan a terroristas de al Nusra y del EI en Idleb, Hama, y Homs"},"content":{"rendered":"<p><span style=\"color: #800000;\">Provincias, SANA<\/span><\/p>\n<p>Las fuerzas armadas sirias, apoyadas por la aviaci\u00f3n militar han continuado este domingo sus operativos contra las organizaciones terroristas en todo el territorio sirio.<\/p>\n<p><span style=\"color: #0000ff;\">Idleb<\/span><\/p>\n<p>En los campos sur, sureste y oeste de Idleb, los cazas sirios dirigieron duros golpes a refugios y rutas de movimiento de las organizaciones terroristas en los pueblos y las localidades de Khan Shikhun, Sarakeb, al-Tamaana, Yisser Hish, Yisser al-Shughour, y Firka.<\/p>\n<p>Los operativos a\u00e9reos causaron la muerte de numerosos terroristas afiliados al Frente de al-Nousra, Yund al-Aqsa y Ahrar al Shaam, y la destrucci\u00f3n de un campo de entrenamiento, veh\u00edculos artillados y sedes suyos.<\/p>\n<p><span style=\"color: #0000ff;\">Hama<\/span><\/p>\n<p>En el campo norte de Hama, los aviones de combate sirios infligieron significativas bajas entre los terroristas de Yaish al-Fateh, as\u00ed como les destruyeron veh\u00edculos artillados y otros blindados en las zonas de Mork, Tibat al-Imam, Suran, Atshan y al-Latamneh.<\/p>\n<p>Por otro lado, una fuente militar ha anunciado que las fuerzas armadas, secundados por fuerzas populares, retomaron el control de Krah y las fincas de Krah Gharbieh, as\u00ed como de la estaci\u00f3n de ferrocarril y Kabarieh en el campo de la provincia.<\/p>\n<p>La fuente agreg\u00f3 que fueron eliminados numerosos terroristas y devastadas sus armas en la ofensiva del ej\u00e9rcito para recapturar las antemencionadas zonas.<\/p>\n<p><span style=\"color: #0000ff;\">Homs<\/span><\/p>\n<p>En el campo norte de Homs, los terroristas del Frente de al-Nousra, sufrieron numerosas bajas, entre ellos dos cabecillas, as\u00ed como perdieron cinco veh\u00edculos artillados tras operativos de la aviaci\u00f3n militar siria contra posiciones de esta organizaci\u00f3n terrorista en la zona de Ez Addin.<\/p>\n<p>A todo ello, los aviones de combate sirios destruyeron fortificaciones y refugios de terroristas del Frente de al-Nousra en los pueblos de Deir Ful y al-Farhaniya a 12 km al norte de la ciudad de Homs.<\/p>\n<p>En el campo este de Homs, la aviaci\u00f3n siria acab\u00f3 con terroristas del Estado Isl\u00e1mico y les destruy\u00f3 veh\u00edculos en operativos llevados a cabo al noreste de al-Sawamee en el campo de Palmira.<\/p>\n<p>Asimismo el ej\u00e9rcito arras\u00f3 con zulos de terroristas cerca de la monta\u00f1a de Khanazeer y en las regiones de Dabur y Dik as\u00ed como en los poblados de Kafarlaha y Tal Thahab y las fincas de Abu Anz y Um Saharij, campo de la provincia.<\/p>\n<p><span style=\"color: #0000ff;\">Deraa<\/span><\/p>\n<p>Unidades del Ej\u00e9rcito que operan en la provincia de Deraa infligieron muertos y heridos de los terroristas del Frente de al Nusra que intentaron atacar puntos militares en las inmediaciones de al Katiba al Mahyura, al este de la localidad de Ibtaa en el campo norte.<\/p>\n<p>Los terroristas recurrieron a retirar a los muertos de la l\u00ednea del frente, y a trasladar a los heridos a puntos m\u00e9dicos improvisados en el campo oeste de la provincia, y algunos heridos fueron trasladados a los hospitales del Ente Sionista y de Jordania.<\/p>\n<p>En el mismo contexto, los grupos terroristas atacaron con cohetes a la poblaci\u00f3n, en las localidades de Izraa, Khirbet Gazala, Namer, Qarfa, al Seheliyeh, sin registrar v\u00edctimas.<\/p>\n<p>&nbsp;<\/p>\n<p>&nbsp;<\/p>\n<p><span style=\"color: #0000ff;\">Lynn A.-Y.K., Akram. S<\/span><\/p>\n","protected":false},"excerpt":{"rendered":"<p>Provincias, SANA Las fuerzas armadas sirias, apoyadas por la aviaci\u00f3n militar han continuado este domingo sus operativos contra las organizaciones terroristas en todo el territorio sirio. Idleb En los campos sur, sureste y oeste de Idleb, los cazas sirios dirigieron duros golpes a refugios y rutas de movimiento de las organizaciones terroristas en los pueblos &hellip;<\/p>\n","protected":false},"author":24,"featured_media":53605,"comment_status":"closed","ping_status":"closed","sticky":false,"template":"","format":"standard","meta":{"footnotes":""},"categories":[597,573,583,7541],"tags":[],"class_list":["post-53550","post","type-post","status-publish","format-standard","has-post-thumbnail","","category-cinta-de-noticias","category-la-realidad-de-los-acontecimientos-en-siria","category-slide","category-ultimas-noticias"],"_links":{"self":[{"href":"https:\/\/archive.sana.sy\/es\/index.php?rest_route=\/wp\/v2\/posts\/53550"}],"collection":[{"href":"https:\/\/archive.sana.sy\/es\/index.php?rest_route=\/wp\/v2\/posts"}],"about":[{"href":"https:\/\/archive.sana.sy\/es\/index.php?rest_route=\/wp\/v2\/types\/post"}],"author":[{"embeddable":true,"href":"https:\/\/archive.sana.sy\/es\/index.php?rest_route=\/wp\/v2\/users\/24"}],"replies":[{"embeddable":true,"href":"https:\/\/archive.sana.sy\/es\/index.php?rest_route=%2Fwp%2Fv2%2Fcomments&post=53550"}],"version-history":[{"count":0,"href":"https:\/\/archive.sana.sy\/es\/index.php?rest_route=\/wp\/v2\/posts\/53550\/revisions"}],"wp:featuredmedia":[{"embeddable":true,"href":"https:\/\/archive.sana.sy\/es\/index.php?rest_route=\/wp\/v2\/media\/53605"}],"wp:attachment":[{"href":"https:\/\/archive.sana.sy\/es\/index.php?rest_route=%2Fwp%2Fv2%2Fmedia&parent=53550"}],"wp:term":[{"taxonomy":"category","embeddable":true,"href":"https:\/\/archive.sana.sy\/es\/index.php?rest_route=%2Fwp%2Fv2%2Fcategories&post=53550"},{"taxonomy":"post_tag","embeddable":true,"href":"https:\/\/archive.sana.sy\/es\/index.php?rest_route=%2Fwp%2Fv2%2Ftags&post=53550"}],"curies":[{"name":"wp","href":"https:\/\/api.w.org\/{rel}","templated":true}]}}