{"id":53596,"date":"2016-10-09T22:23:02","date_gmt":"2016-10-09T19:23:02","guid":{"rendered":"http:\/\/www.sana.sy\/es\/?p=53596"},"modified":"2016-10-09T22:42:22","modified_gmt":"2016-10-09T19:42:22","slug":"gobernacion-de-alepo-presta-especial-atencion-en-ofrecer-el-apoyo-necesario-a-los-poligonos-industriales","status":"publish","type":"post","link":"https:\/\/archive.sana.sy\/es\/?p=53596","title":{"rendered":"Gobernaci\u00f3n de Alepo presta especial atenci\u00f3n a los pol\u00edgonos industriales"},"content":{"rendered":"<p><span style=\"color: #800000;\">Alepo- SANA<\/span><\/p>\n<p>El gobernador de Alepo, Hussein Diab, subray\u00f3 los esfuerzos de dar todo apoyo posible al pol\u00edgono industrial de Sheik Nayyar y a todos los pol\u00edgonos industriales en la provincia, de forma que contribuya a reactivar la producci\u00f3n y respaldar la econom\u00eda nacional.<\/p>\n<p>Durante su visita a varias f\u00e1bricas del pol\u00edgono de Sheikh Nayyar, el gobernador conoci\u00f3 de primera mano el proceso productivo, y atendi\u00f3 la explicaci\u00f3n de los empresarios sobre el trabajo y sus dificultades.<\/p>\n<p>El gobernador Diab aludi\u00f3 a que el trabajo contin\u00faa en rehabilitar la infraestructura y los servicios en los pol\u00edgonos industriales, donde el Ej\u00e9rcito Sirio instaur\u00f3 la estabilidad.<\/p>\n<p>Por su parte, el secretario del Partido Baaz en la sucursal de Alepo, Ahmed Saleh Ibrahim, aclar\u00f3 que poner en marcha a m\u00e1s establecimientos industriales confirma la firmeza de los sirios frente al ataque terrorista.<\/p>\n<p>&nbsp;<\/p>\n<p><span style=\"color: #0000ff;\">Akram. S<\/span><\/p>\n","protected":false},"excerpt":{"rendered":"<p>Alepo- SANA El gobernador de Alepo, Hussein Diab, subray\u00f3 los esfuerzos de dar todo apoyo posible al pol\u00edgono industrial de Sheik Nayyar y a todos los pol\u00edgonos industriales en la provincia, de forma que contribuya a reactivar la producci\u00f3n y respaldar la econom\u00eda nacional. Durante su visita a varias f\u00e1bricas del pol\u00edgono de Sheikh Nayyar, &hellip;<\/p>\n","protected":false},"author":1,"featured_media":53597,"comment_status":"closed","ping_status":"closed","sticky":false,"template":"","format":"standard","meta":{"footnotes":""},"categories":[597,476,7541],"tags":[],"class_list":["post-53596","post","type-post","status-publish","format-standard","has-post-thumbnail","","category-cinta-de-noticias","category-locales","category-ultimas-noticias"],"_links":{"self":[{"href":"https:\/\/archive.sana.sy\/es\/index.php?rest_route=\/wp\/v2\/posts\/53596"}],"collection":[{"href":"https:\/\/archive.sana.sy\/es\/index.php?rest_route=\/wp\/v2\/posts"}],"about":[{"href":"https:\/\/archive.sana.sy\/es\/index.php?rest_route=\/wp\/v2\/types\/post"}],"author":[{"embeddable":true,"href":"https:\/\/archive.sana.sy\/es\/index.php?rest_route=\/wp\/v2\/users\/1"}],"replies":[{"embeddable":true,"href":"https:\/\/archive.sana.sy\/es\/index.php?rest_route=%2Fwp%2Fv2%2Fcomments&post=53596"}],"version-history":[{"count":0,"href":"https:\/\/archive.sana.sy\/es\/index.php?rest_route=\/wp\/v2\/posts\/53596\/revisions"}],"wp:featuredmedia":[{"embeddable":true,"href":"https:\/\/archive.sana.sy\/es\/index.php?rest_route=\/wp\/v2\/media\/53597"}],"wp:attachment":[{"href":"https:\/\/archive.sana.sy\/es\/index.php?rest_route=%2Fwp%2Fv2%2Fmedia&parent=53596"}],"wp:term":[{"taxonomy":"category","embeddable":true,"href":"https:\/\/archive.sana.sy\/es\/index.php?rest_route=%2Fwp%2Fv2%2Fcategories&post=53596"},{"taxonomy":"post_tag","embeddable":true,"href":"https:\/\/archive.sana.sy\/es\/index.php?rest_route=%2Fwp%2Fv2%2Ftags&post=53596"}],"curies":[{"name":"wp","href":"https:\/\/api.w.org\/{rel}","templated":true}]}}