{"id":54847,"date":"2016-10-26T22:50:45","date_gmt":"2016-10-26T19:50:45","guid":{"rendered":"http:\/\/www.sana.sy\/es\/?p=54847"},"modified":"2016-10-26T22:55:05","modified_gmt":"2016-10-26T19:55:05","slug":"siria-niega-categoricamente-el-uso-de-gases-toxicos-en-las-operaciones-militares","status":"publish","type":"post","link":"https:\/\/archive.sana.sy\/es\/?p=54847","title":{"rendered":"Siria niega categ\u00f3ricamente el uso de gases t\u00f3xicos en las operaciones militares"},"content":{"rendered":"<p style=\"text-align: justify\"><span style=\"color: #800000\">Damasco, SANA<\/span>&#8211; El Ministerio de Relaciones Exteriores y Expatriados Sirio confirm\u00f3 que la Rep\u00fablica \u00c1rabe Siria niega categ\u00f3ricamente el uso de sustancias qu\u00edmicos t\u00f3xicos como el &#8220;Cloro&#8221; durante las operaciones militares llevadas a cabo por las fuerzas armadas sirias contra los grupos terroristas.<\/p>\n<p style=\"text-align: justify\">&#8220;los grupos terroristas y sus patrocinadores, agencias de medios y de inteligencia han hecho circular propaganda contra la Rep\u00fablica \u00c1rabe de Siria con la invenci\u00f3n de acusaciones sin base&#8221;, dijo el ministerio en su comunicado.<\/p>\n<p style=\"text-align: justify\">Agreg\u00f3 que el gobierno sirio ha cooperado y respondido plenamente a todas las exigencias de la investigaci\u00f3n realizada por comisiones internacionales desde el a\u00f1o 2014 hasta el momento, y los present\u00f3 todas las facilitaciones necesarias para llevar a cabo investigaciones imparciales y cre\u00edbles, asegurando que el gobierno sirio mostr\u00f3 a trav\u00e9s de una serie de evidencias cient\u00edficas y testimonio de testigos de que algunos grupos terroristas inventaron estos incidentes.<\/p>\n<p style=\"text-align: justify\">El Ministerio subray\u00f3 que las acusaciones dirigidas \u00faltimamente contra Siria recogidas en el informe del mecanismo de investigaci\u00f3n conjunta de la ONU y de la OPAQ en virtud de la Resoluci\u00f3n 2235 del Consejo de Seguridad no se basan en ninguna prueba real.<\/p>\n<p><em>M.Miri<\/em><\/p>\n","protected":false},"excerpt":{"rendered":"<p>Damasco, SANA&#8211; El Ministerio de Relaciones Exteriores y Expatriados Sirio confirm\u00f3 que la Rep\u00fablica \u00c1rabe Siria niega categ\u00f3ricamente el uso de sustancias qu\u00edmicos t\u00f3xicos como el &#8220;Cloro&#8221; durante las operaciones militares llevadas a cabo por las fuerzas armadas sirias contra los grupos terroristas. &#8220;los grupos terroristas y sus patrocinadores, agencias de medios y de inteligencia &hellip;<\/p>\n","protected":false},"author":1,"featured_media":54848,"comment_status":"closed","ping_status":"closed","sticky":false,"template":"","format":"standard","meta":{"footnotes":""},"categories":[597,467,583,7541],"tags":[9623],"class_list":["post-54847","post","type-post","status-publish","format-standard","has-post-thumbnail","","category-cinta-de-noticias","category-siria-y-el-mundo","category-slide","category-ultimas-noticias","tag-siria-niega-el-uso-de-gases-toxicos-en-las-operaciones-militares"],"_links":{"self":[{"href":"https:\/\/archive.sana.sy\/es\/index.php?rest_route=\/wp\/v2\/posts\/54847"}],"collection":[{"href":"https:\/\/archive.sana.sy\/es\/index.php?rest_route=\/wp\/v2\/posts"}],"about":[{"href":"https:\/\/archive.sana.sy\/es\/index.php?rest_route=\/wp\/v2\/types\/post"}],"author":[{"embeddable":true,"href":"https:\/\/archive.sana.sy\/es\/index.php?rest_route=\/wp\/v2\/users\/1"}],"replies":[{"embeddable":true,"href":"https:\/\/archive.sana.sy\/es\/index.php?rest_route=%2Fwp%2Fv2%2Fcomments&post=54847"}],"version-history":[{"count":0,"href":"https:\/\/archive.sana.sy\/es\/index.php?rest_route=\/wp\/v2\/posts\/54847\/revisions"}],"wp:featuredmedia":[{"embeddable":true,"href":"https:\/\/archive.sana.sy\/es\/index.php?rest_route=\/wp\/v2\/media\/54848"}],"wp:attachment":[{"href":"https:\/\/archive.sana.sy\/es\/index.php?rest_route=%2Fwp%2Fv2%2Fmedia&parent=54847"}],"wp:term":[{"taxonomy":"category","embeddable":true,"href":"https:\/\/archive.sana.sy\/es\/index.php?rest_route=%2Fwp%2Fv2%2Fcategories&post=54847"},{"taxonomy":"post_tag","embeddable":true,"href":"https:\/\/archive.sana.sy\/es\/index.php?rest_route=%2Fwp%2Fv2%2Ftags&post=54847"}],"curies":[{"name":"wp","href":"https:\/\/api.w.org\/{rel}","templated":true}]}}