{"id":55000,"date":"2016-10-29T15:50:05","date_gmt":"2016-10-29T13:50:05","guid":{"rendered":"http:\/\/www.sana.sy\/es\/?p=55000"},"modified":"2016-10-29T15:48:51","modified_gmt":"2016-10-29T13:48:51","slug":"unidades-militares-y-fuerza-aerea-realizan-operaciones-e-incursiones-contra-refugios-de-terroristas-en-diferentes-provincias","status":"publish","type":"post","link":"https:\/\/archive.sana.sy\/es\/?p=55000","title":{"rendered":"Unidades militares y Fuerza A\u00e9rea  realizan operaciones e incursiones contra refugios de terroristas en diferentes provincias"},"content":{"rendered":"<p><span style=\"color: #800000\">Provincias- SANA<\/span><\/p>\n<p>Las fuerzas del Ej\u00e9rcito contin\u00faan sus operaciones militares contra los grupos terroristas, y la fuerza a\u00e9rea realiza incursiones contra sus refugios en diferentes partes del pa\u00eds.<\/p>\n<p><span style=\"color: #0000ff\">Hama<\/span><\/p>\n<p>Una fuente militar inform\u00f3 que la fuerza a\u00e9rea realiz\u00f3 incursiones contra centros de agrupaci\u00f3n y movilizaciones de los terroristas, y destruy\u00f3 3 centros, 5 blindados y 7 carros equipados con ametralladoras, adem\u00e1s de acabar con decenas de terroristas en las localidades de al Bueda, Tibat al Emam, al Latamneh, al Masasneh, y al Hesa, en la comarca norte\u00f1a.<\/p>\n<p><span style=\"color: #0000ff\">Deraa<\/span><\/p>\n<p>Una fuente militar inform\u00f3 que unidades del Ej\u00e9rcito acabaron con terroristas del Frente de al Nusra en la localidad de al Yaduda, y en el barrio de al Karak en Deraa al Balad.<\/p>\n<p>Las operaciones del Ej\u00e9rcito son continuas contra los refugios terroristas donde se acab\u00f3 con un n\u00famero indeterminado de terroristas en el barrio de al Hamadin, y se destruy\u00f3 una base de posicionar ametralladoras, en el barrio de al Karak.<\/p>\n<p>A cinco km al noroeste de la ciudad de Deraa, una unidad castrense siria elimin\u00f3 mediante una emboscada a integrantes de una banda terrorista afiliada al Frente de al-Nousra y destruy\u00f3 un veh\u00edculo que transportaba a terroristas de dicha organizaci\u00f3n en la localidad de al-Yaruda.<\/p>\n<p>En el campo noreste de Deraa, acab\u00f3 con terroristas del Frente de al-Nousra en operativos lanzados esta tarde al oeste de la zona Yisser al-Ghariya.<\/p>\n<p>Asimismo, unidades del ej\u00e9rcito destruyeron dos veh\u00edculos que transportaban a terroristas del Frente de al-Nousra, entre las localidades de al-Naima y Um al-Mayazin, as\u00ed como les destruyeron un lanza-misiles al oeste de Um al-Mayazin en el campo este de la provincia sure\u00f1a.<\/p>\n<p>En el mismo contexto, el reportero de SANA confirm\u00f3 la muerte de un cabecilla del Frente de al-Nousra en el referido\u00a0operativo.<\/p>\n<p>&nbsp;<\/p>\n<p>&nbsp;<\/p>\n<p><span style=\"color: #0000ff\">Akram. S., Lynn A.<\/span><\/p>\n","protected":false},"excerpt":{"rendered":"<p>Provincias- SANA Las fuerzas del Ej\u00e9rcito contin\u00faan sus operaciones militares contra los grupos terroristas, y la fuerza a\u00e9rea realiza incursiones contra sus refugios en diferentes partes del pa\u00eds. Hama Una fuente militar inform\u00f3 que la fuerza a\u00e9rea realiz\u00f3 incursiones contra centros de agrupaci\u00f3n y movilizaciones de los terroristas, y destruy\u00f3 3 centros, 5 blindados y &hellip;<\/p>\n","protected":false},"author":1,"featured_media":55001,"comment_status":"closed","ping_status":"closed","sticky":false,"template":"","format":"standard","meta":{"footnotes":""},"categories":[597,573,583,7541],"tags":[],"class_list":["post-55000","post","type-post","status-publish","format-standard","has-post-thumbnail","","category-cinta-de-noticias","category-la-realidad-de-los-acontecimientos-en-siria","category-slide","category-ultimas-noticias"],"_links":{"self":[{"href":"https:\/\/archive.sana.sy\/es\/index.php?rest_route=\/wp\/v2\/posts\/55000"}],"collection":[{"href":"https:\/\/archive.sana.sy\/es\/index.php?rest_route=\/wp\/v2\/posts"}],"about":[{"href":"https:\/\/archive.sana.sy\/es\/index.php?rest_route=\/wp\/v2\/types\/post"}],"author":[{"embeddable":true,"href":"https:\/\/archive.sana.sy\/es\/index.php?rest_route=\/wp\/v2\/users\/1"}],"replies":[{"embeddable":true,"href":"https:\/\/archive.sana.sy\/es\/index.php?rest_route=%2Fwp%2Fv2%2Fcomments&post=55000"}],"version-history":[{"count":0,"href":"https:\/\/archive.sana.sy\/es\/index.php?rest_route=\/wp\/v2\/posts\/55000\/revisions"}],"wp:featuredmedia":[{"embeddable":true,"href":"https:\/\/archive.sana.sy\/es\/index.php?rest_route=\/wp\/v2\/media\/55001"}],"wp:attachment":[{"href":"https:\/\/archive.sana.sy\/es\/index.php?rest_route=%2Fwp%2Fv2%2Fmedia&parent=55000"}],"wp:term":[{"taxonomy":"category","embeddable":true,"href":"https:\/\/archive.sana.sy\/es\/index.php?rest_route=%2Fwp%2Fv2%2Fcategories&post=55000"},{"taxonomy":"post_tag","embeddable":true,"href":"https:\/\/archive.sana.sy\/es\/index.php?rest_route=%2Fwp%2Fv2%2Ftags&post=55000"}],"curies":[{"name":"wp","href":"https:\/\/api.w.org\/{rel}","templated":true}]}}