{"id":55034,"date":"2016-10-29T16:04:44","date_gmt":"2016-10-29T14:04:44","guid":{"rendered":"http:\/\/www.sana.sy\/es\/?p=55034"},"modified":"2016-10-29T16:05:31","modified_gmt":"2016-10-29T14:05:31","slug":"rohani-los-crimenes-en-siria-e-irak-representan-una-amenaza-para-todo-el-mundo","status":"publish","type":"post","link":"https:\/\/archive.sana.sy\/es\/?p=55034","title":{"rendered":"Rohani: los cr\u00edmenes de los terroristas en Siria e Irak representan una amenaza para todo el mundo"},"content":{"rendered":"<p><span style=\"color: #800000\">Teher\u00e1n, SANA<\/span><\/p>\n<p>El presidente iran\u00ed, Hassan Rohani, dirigi\u00f3 un llamado a la Uni\u00f3n Europea para que ejerza presi\u00f3n sobre los pa\u00edses que patrocinan a los terroristas en Siria e Irak, cuyos cr\u00edmenes representa una suma amenaza no solamente para la regi\u00f3n sino tambi\u00e9n para todo el\u00a0mundo.<\/p>\n<p>Durante una reuni\u00f3n sostenida este s\u00e1bado en Teher\u00e1n, con la jefa de la Diplomacia de la UE, Federica Mogherini, el mandatario persa destac\u00f3 la necesidad de asignar la prioridad a la acci\u00f3n antiterrorista en Siria e Irak, resaltando que \u201cel fortalecimiento de la estabilidad, la lucha contra el terrorismo, y el respeto de la soberan\u00eda de Siria y el garante de su futuro, son metas que se logran a trav\u00e9s de respetar la voluntad del pueblo sirio\u201d.<\/p>\n<p>Recalc\u00f3 la necesidad de la cooperaci\u00f3n entre Ir\u00e1n y la UE para solucionar las crisis en la regi\u00f3n, agregando que todos deben percatarse de que el arreglo de la crisis siria se alcanza por los medios pol\u00edticos y diplom\u00e1ticos y no por los militares.<\/p>\n<p>Mogherini arrib\u00f3 ayer a la capital iran\u00ed, y sostuvo una serie de reuniones con alto funcionarios iran\u00edes, las cuales giraron en torno de los medios capaces de solucionar los conflictos en la regi\u00f3n.<\/p>\n<p>&nbsp;<\/p>\n<p>&nbsp;<\/p>\n<p>&nbsp;<\/p>\n<p>Lynn A.<\/p>\n","protected":false},"excerpt":{"rendered":"<p>Teher\u00e1n, SANA El presidente iran\u00ed, Hassan Rohani, dirigi\u00f3 un llamado a la Uni\u00f3n Europea para que ejerza presi\u00f3n sobre los pa\u00edses que patrocinan a los terroristas en Siria e Irak, cuyos cr\u00edmenes representa una suma amenaza no solamente para la regi\u00f3n sino tambi\u00e9n para todo el\u00a0mundo. Durante una reuni\u00f3n sostenida este s\u00e1bado en Teher\u00e1n, con &hellip;<\/p>\n","protected":false},"author":24,"featured_media":33362,"comment_status":"closed","ping_status":"closed","sticky":false,"template":"","format":"standard","meta":{"footnotes":""},"categories":[597,467,7541],"tags":[],"class_list":["post-55034","post","type-post","status-publish","format-standard","has-post-thumbnail","","category-cinta-de-noticias","category-siria-y-el-mundo","category-ultimas-noticias"],"_links":{"self":[{"href":"https:\/\/archive.sana.sy\/es\/index.php?rest_route=\/wp\/v2\/posts\/55034"}],"collection":[{"href":"https:\/\/archive.sana.sy\/es\/index.php?rest_route=\/wp\/v2\/posts"}],"about":[{"href":"https:\/\/archive.sana.sy\/es\/index.php?rest_route=\/wp\/v2\/types\/post"}],"author":[{"embeddable":true,"href":"https:\/\/archive.sana.sy\/es\/index.php?rest_route=\/wp\/v2\/users\/24"}],"replies":[{"embeddable":true,"href":"https:\/\/archive.sana.sy\/es\/index.php?rest_route=%2Fwp%2Fv2%2Fcomments&post=55034"}],"version-history":[{"count":0,"href":"https:\/\/archive.sana.sy\/es\/index.php?rest_route=\/wp\/v2\/posts\/55034\/revisions"}],"wp:featuredmedia":[{"embeddable":true,"href":"https:\/\/archive.sana.sy\/es\/index.php?rest_route=\/wp\/v2\/media\/33362"}],"wp:attachment":[{"href":"https:\/\/archive.sana.sy\/es\/index.php?rest_route=%2Fwp%2Fv2%2Fmedia&parent=55034"}],"wp:term":[{"taxonomy":"category","embeddable":true,"href":"https:\/\/archive.sana.sy\/es\/index.php?rest_route=%2Fwp%2Fv2%2Fcategories&post=55034"},{"taxonomy":"post_tag","embeddable":true,"href":"https:\/\/archive.sana.sy\/es\/index.php?rest_route=%2Fwp%2Fv2%2Ftags&post=55034"}],"curies":[{"name":"wp","href":"https:\/\/api.w.org\/{rel}","templated":true}]}}