{"id":55150,"date":"2016-10-31T18:31:13","date_gmt":"2016-10-31T16:31:13","guid":{"rendered":"http:\/\/www.sana.sy\/es\/?p=55150"},"modified":"2016-11-01T19:23:53","modified_gmt":"2016-11-01T17:23:53","slug":"rusia-condena-energicamente-ataque-quimico-contra-civiles-en-alepo","status":"publish","type":"post","link":"https:\/\/archive.sana.sy\/es\/?p=55150","title":{"rendered":"Rusia condena en\u00e9rgicamente ataque qu\u00edmico contra civiles en Alepo"},"content":{"rendered":"<p>Mosc\u00fa-SANA<\/p>\n<p>El Ministerio ruso de Exteriores ha condenado en\u00e9rgicamente un ataque qu\u00edmico perpetrado por las organizaciones terroristas contra los civiles en Alepo.<\/p>\n<p>El portavoz del Ministerio de Asuntos Exteriores de Rusia Maria Zakharova anot\u00f3: &#8220;Consideramos que es nuestro deber recordar a aquellos, que seg\u00fan sus propias declaraciones tienen influencia sobre \u00a8las fuerzas de la oposici\u00f3n siria\u00a8, sobre la necesidad de cumplir con sus obligaciones y separar con claridad la llamada &#8220;oposici\u00f3n moderada&#8221; de los terroristas del Estado isl\u00e1mico, Frente Al-Nusra y otras bandas terroristas&#8221;.<\/p>\n<p>&#8220;Este incidente en el que los terroristas utilizan agentes t\u00f3xicos contra los civiles, no es un caso aislado&#8221;, agrega Zakharova. &#8220;Los terroristas realizaron ataques similares en el a\u00f1o 2013 en la Ghouta Este, tambi\u00e9n en el mismo a\u00f1o lo utilizaron en Khan al-Assal en Alepo, y en el a\u00f1o 2015 en la misma provincia, el poblado de Marea, sufri\u00f3 un ataque con armas qu\u00edmicas as\u00ed como en el verano del 2016 terroristas bombardearon con armas toxicas el barrio de Salah -Eddino de Alepo&#8221;, dijo el diplom\u00e1tico ruso.<\/p>\n<p>Yamil K.<\/p>\n","protected":false},"excerpt":{"rendered":"<p>Mosc\u00fa-SANA El Ministerio ruso de Exteriores ha condenado en\u00e9rgicamente un ataque qu\u00edmico perpetrado por las organizaciones terroristas contra los civiles en Alepo. El portavoz del Ministerio de Asuntos Exteriores de Rusia Maria Zakharova anot\u00f3: &#8220;Consideramos que es nuestro deber recordar a aquellos, que seg\u00fan sus propias declaraciones tienen influencia sobre \u00a8las fuerzas de la oposici\u00f3n &hellip;<\/p>\n","protected":false},"author":1,"featured_media":55151,"comment_status":"closed","ping_status":"closed","sticky":false,"template":"","format":"standard","meta":{"footnotes":""},"categories":[467,583,7541],"tags":[],"class_list":["post-55150","post","type-post","status-publish","format-standard","has-post-thumbnail","","category-siria-y-el-mundo","category-slide","category-ultimas-noticias"],"_links":{"self":[{"href":"https:\/\/archive.sana.sy\/es\/index.php?rest_route=\/wp\/v2\/posts\/55150"}],"collection":[{"href":"https:\/\/archive.sana.sy\/es\/index.php?rest_route=\/wp\/v2\/posts"}],"about":[{"href":"https:\/\/archive.sana.sy\/es\/index.php?rest_route=\/wp\/v2\/types\/post"}],"author":[{"embeddable":true,"href":"https:\/\/archive.sana.sy\/es\/index.php?rest_route=\/wp\/v2\/users\/1"}],"replies":[{"embeddable":true,"href":"https:\/\/archive.sana.sy\/es\/index.php?rest_route=%2Fwp%2Fv2%2Fcomments&post=55150"}],"version-history":[{"count":0,"href":"https:\/\/archive.sana.sy\/es\/index.php?rest_route=\/wp\/v2\/posts\/55150\/revisions"}],"wp:featuredmedia":[{"embeddable":true,"href":"https:\/\/archive.sana.sy\/es\/index.php?rest_route=\/wp\/v2\/media\/55151"}],"wp:attachment":[{"href":"https:\/\/archive.sana.sy\/es\/index.php?rest_route=%2Fwp%2Fv2%2Fmedia&parent=55150"}],"wp:term":[{"taxonomy":"category","embeddable":true,"href":"https:\/\/archive.sana.sy\/es\/index.php?rest_route=%2Fwp%2Fv2%2Fcategories&post=55150"},{"taxonomy":"post_tag","embeddable":true,"href":"https:\/\/archive.sana.sy\/es\/index.php?rest_route=%2Fwp%2Fv2%2Ftags&post=55150"}],"curies":[{"name":"wp","href":"https:\/\/api.w.org\/{rel}","templated":true}]}}