{"id":55185,"date":"2016-11-01T13:14:15","date_gmt":"2016-11-01T11:14:15","guid":{"rendered":"http:\/\/www.sana.sy\/es\/?p=55185"},"modified":"2016-11-01T17:51:23","modified_gmt":"2016-11-01T15:51:23","slug":"fuerzas-armadas-destruyen-maquinarias-belicas-de-los-grupos-extremistas-y-eliminan-a-decenas-de-sus-integrantes","status":"publish","type":"post","link":"https:\/\/archive.sana.sy\/es\/?p=55185","title":{"rendered":"Fuerzas Armadas destruyen maquinarias b\u00e9licas de los grupos extremistas y eliminan a decenas de sus integrantes"},"content":{"rendered":"<p><span style=\"color: #800000\">Provincias, SANA<\/span><\/p>\n<p>Decenas de terroristas han sido eliminados en los operativos del Ej\u00e9rcito sirio en varias zonas sirias.<\/p>\n<p><span style=\"color: #0000ff\">Deraa<\/span><\/p>\n<p>Una fuente militar inform\u00f3 que una unidad del ej\u00e9rcito destruy\u00f3 una excavadora y fortificaciones de las organizaciones terroristas en el distrito de Deraa al Balad.<\/p>\n<p><span style=\"color: #0000ff\">Damasco-campo<\/span><\/p>\n<p>En la ciudad de Harasta en el nordeste de Damasco, una fuente militar anunci\u00f3 que el Ej\u00e9rcito dinamit\u00f3 y destruy\u00f3 un t\u00fanel de 160 metros de largo y 14 metros de profundidad, que los grupos terrorista usaban para trasladarse y contrabandear armas y municiones.<\/p>\n<p>&nbsp;<\/p>\n<p>&nbsp;<\/p>\n<p><span style=\"color: #0000ff\">Fady M., Hala B.<\/span><\/p>\n","protected":false},"excerpt":{"rendered":"<p>Provincias, SANA Decenas de terroristas han sido eliminados en los operativos del Ej\u00e9rcito sirio en varias zonas sirias. Deraa Una fuente militar inform\u00f3 que una unidad del ej\u00e9rcito destruy\u00f3 una excavadora y fortificaciones de las organizaciones terroristas en el distrito de Deraa al Balad. Damasco-campo En la ciudad de Harasta en el nordeste de Damasco, &hellip;<\/p>\n","protected":false},"author":1,"featured_media":55186,"comment_status":"closed","ping_status":"closed","sticky":false,"template":"","format":"standard","meta":{"footnotes":""},"categories":[573,583],"tags":[],"class_list":["post-55185","post","type-post","status-publish","format-standard","has-post-thumbnail","","category-la-realidad-de-los-acontecimientos-en-siria","category-slide"],"_links":{"self":[{"href":"https:\/\/archive.sana.sy\/es\/index.php?rest_route=\/wp\/v2\/posts\/55185"}],"collection":[{"href":"https:\/\/archive.sana.sy\/es\/index.php?rest_route=\/wp\/v2\/posts"}],"about":[{"href":"https:\/\/archive.sana.sy\/es\/index.php?rest_route=\/wp\/v2\/types\/post"}],"author":[{"embeddable":true,"href":"https:\/\/archive.sana.sy\/es\/index.php?rest_route=\/wp\/v2\/users\/1"}],"replies":[{"embeddable":true,"href":"https:\/\/archive.sana.sy\/es\/index.php?rest_route=%2Fwp%2Fv2%2Fcomments&post=55185"}],"version-history":[{"count":0,"href":"https:\/\/archive.sana.sy\/es\/index.php?rest_route=\/wp\/v2\/posts\/55185\/revisions"}],"wp:featuredmedia":[{"embeddable":true,"href":"https:\/\/archive.sana.sy\/es\/index.php?rest_route=\/wp\/v2\/media\/55186"}],"wp:attachment":[{"href":"https:\/\/archive.sana.sy\/es\/index.php?rest_route=%2Fwp%2Fv2%2Fmedia&parent=55185"}],"wp:term":[{"taxonomy":"category","embeddable":true,"href":"https:\/\/archive.sana.sy\/es\/index.php?rest_route=%2Fwp%2Fv2%2Fcategories&post=55185"},{"taxonomy":"post_tag","embeddable":true,"href":"https:\/\/archive.sana.sy\/es\/index.php?rest_route=%2Fwp%2Fv2%2Ftags&post=55185"}],"curies":[{"name":"wp","href":"https:\/\/api.w.org\/{rel}","templated":true}]}}