{"id":55287,"date":"2016-11-02T20:52:51","date_gmt":"2016-11-02T18:52:51","guid":{"rendered":"http:\/\/www.sana.sy\/es\/?p=55287"},"modified":"2016-11-02T21:21:06","modified_gmt":"2016-11-02T19:21:06","slug":"55287","status":"publish","type":"post","link":"https:\/\/archive.sana.sy\/es\/?p=55287","title":{"rendered":"Ej\u00e9rcito contin\u00faa sus avances en el campo suroeste de Damasco y aborta un intento de infiltraci\u00f3n de terroristas en la ciudad de Hama"},"content":{"rendered":"<p><span style=\"color: #800000\">Provincias, SANA<\/span><\/p>\n<p style=\"text-align: justify\">Los grupos terroristas del &#8220;Frente al Nousra&#8221; y el &#8220;Estado Isl\u00e1mico&#8221; sufrieron numerosas bajas en los operativos de las Fuerzas Armadas Sirias.<\/p>\n<p style=\"text-align: justify\">Una fuente militar inform\u00f3 que las tropas defensoras del aeropuerto de Deir Ezzor destruyeron a sedes y fortificaciones de los terroristas del Estado Isl\u00e1mico al este del aeropuerto y en las zonas de Jafrah y al Mazareh.<\/p>\n<p style=\"text-align: justify\"><span style=\"color: #0000ff\">Deraa<\/span><\/p>\n<p style=\"text-align: justify\">En la provincia de Deraa, una unidad del Ej\u00e9rcito y las Fuerzas Armadas acab\u00f3 con la mayor\u00eda de los integrantes de una banda terrorista del Frente Al Nousra en el distrito de Deraa al Balad.<\/p>\n<p style=\"text-align: justify\"><span style=\"color: #0000ff\">Latakia<\/span><\/p>\n<p style=\"text-align: justify\">Una unidad de las fuerzas de \u00e9lite del Ej\u00e9rcito sirio atac\u00f3 con misiles a fortificaciones de los terroristas el &#8220;Frente al Nousra&#8221;, al oeste de la localidad de Sher Nimer en el campo norte de Latakia.<\/p>\n<p style=\"text-align: justify\"><span style=\"color: #0000ff\">Damasco-campo<\/span><\/p>\n<p style=\"text-align: justify\">En paralelo, los uniformados sirios continuaron sus avances en el campo suroeste de Damasco.<\/p>\n<p style=\"text-align: justify\">Seg\u00fan una fuente militar, una unidad del ej\u00e9rcito realiz\u00f3 un operativo contra los terroristas del Frente de al-Nousra y el Movimiento de Ahrar al-Sham tras el cual logr\u00f3 retomar el control de la zona de Kherbet al-Abbasiya en Khan al-Shih.<\/p>\n<p style=\"text-align: justify\">Los terroristas sufrieron numerosas bajas en dicho operativo, confirm\u00f3, a\u00f1adiendo que los zapadores del ej\u00e9rcito desactivaron todos los artefactos explosivos sembrados por los terroristas en la zona limpiada.<\/p>\n<p style=\"text-align: justify\">Asimismo divulg\u00f3 que el ej\u00e9rcito sirio gracias a este operativo logr\u00f3 imponer un cerco a los grupos terroristas que operan en Khan al-Shih.<\/p>\n<p style=\"text-align: justify\">El ej\u00e9rcito sirio lanz\u00f3 al principio del pasado mes una serie de operativos intensos en el campo suroeste de Damasco, en los cuales se hizo del control de la localidad de al-Darkhabiya y un grupo de fincas en la periferia de Khan al-Shih.<\/p>\n<p style=\"text-align: justify\"><span style=\"color: #0000ff\">Hama<\/span><\/p>\n<p style=\"text-align: justify\">De igual manera, unidades castrenses sirias abortaron un intento de infiltraci\u00f3n de terroristas suicidas en la ciudad de Hama.<\/p>\n<p style=\"text-align: justify\">Una fuente de la gobernaci\u00f3n inform\u00f3 que los uniformados sirios interceptaron un grupo terrorista que trataba de entrar en la ciudad de Hama y arrestaron a algunos de sus integrantes, as\u00ed como les confiscaron artefactos explosivos que se activan a trav\u00e9s de aparatos de telecomunicaci\u00f3n.<\/p>\n<p style=\"text-align: justify\">Los pertrechos b\u00e9licos decomisados incluyeron tambi\u00e9n a cinturones explosivos y varios chalecos equipados con explosivos, adem\u00e1s de artefactos explosivos cuyo peso oscila entre uno a dos kilogramos, preparados para ser activados a distancia trav\u00e9s de relojes y aparatos espec\u00edficos.<\/p>\n<p style=\"text-align: justify\">Asimismo, unidades militares retomaron el control de la colina de Mesin en el campo de Hama, agreg\u00f3 la fuente.<\/p>\n<p>&nbsp;<\/p>\n<p><em>Fady M., Hala B., Lynn A., M Miri.<\/em><\/p>\n","protected":false},"excerpt":{"rendered":"<p>Provincias, SANA Los grupos terroristas del &#8220;Frente al Nousra&#8221; y el &#8220;Estado Isl\u00e1mico&#8221; sufrieron numerosas bajas en los operativos de las Fuerzas Armadas Sirias. Una fuente militar inform\u00f3 que las tropas defensoras del aeropuerto de Deir Ezzor destruyeron a sedes y fortificaciones de los terroristas del Estado Isl\u00e1mico al este del aeropuerto y en las &hellip;<\/p>\n","protected":false},"author":1,"featured_media":55242,"comment_status":"closed","ping_status":"closed","sticky":false,"template":"","format":"standard","meta":{"footnotes":""},"categories":[597,573,583,7541],"tags":[9665],"class_list":["post-55287","post","type-post","status-publish","format-standard","has-post-thumbnail","","category-cinta-de-noticias","category-la-realidad-de-los-acontecimientos-en-siria","category-slide","category-ultimas-noticias","tag-ejercito-continua-sus-avances-en-el-campo-suroeste-de-damasco-y-aborta-un-intento-de-infiltracion-de-terroristas-en-la-ciudad-de-hama"],"_links":{"self":[{"href":"https:\/\/archive.sana.sy\/es\/index.php?rest_route=\/wp\/v2\/posts\/55287"}],"collection":[{"href":"https:\/\/archive.sana.sy\/es\/index.php?rest_route=\/wp\/v2\/posts"}],"about":[{"href":"https:\/\/archive.sana.sy\/es\/index.php?rest_route=\/wp\/v2\/types\/post"}],"author":[{"embeddable":true,"href":"https:\/\/archive.sana.sy\/es\/index.php?rest_route=\/wp\/v2\/users\/1"}],"replies":[{"embeddable":true,"href":"https:\/\/archive.sana.sy\/es\/index.php?rest_route=%2Fwp%2Fv2%2Fcomments&post=55287"}],"version-history":[{"count":0,"href":"https:\/\/archive.sana.sy\/es\/index.php?rest_route=\/wp\/v2\/posts\/55287\/revisions"}],"wp:featuredmedia":[{"embeddable":true,"href":"https:\/\/archive.sana.sy\/es\/index.php?rest_route=\/wp\/v2\/media\/55242"}],"wp:attachment":[{"href":"https:\/\/archive.sana.sy\/es\/index.php?rest_route=%2Fwp%2Fv2%2Fmedia&parent=55287"}],"wp:term":[{"taxonomy":"category","embeddable":true,"href":"https:\/\/archive.sana.sy\/es\/index.php?rest_route=%2Fwp%2Fv2%2Fcategories&post=55287"},{"taxonomy":"post_tag","embeddable":true,"href":"https:\/\/archive.sana.sy\/es\/index.php?rest_route=%2Fwp%2Fv2%2Ftags&post=55287"}],"curies":[{"name":"wp","href":"https:\/\/api.w.org\/{rel}","templated":true}]}}