{"id":55291,"date":"2016-11-02T21:55:57","date_gmt":"2016-11-02T19:55:57","guid":{"rendered":"http:\/\/www.sana.sy\/es\/?p=55291"},"modified":"2016-11-02T21:56:55","modified_gmt":"2016-11-02T19:56:55","slug":"primer-ministro-se-reune-jefes-de-las-organizaciones-populares","status":"publish","type":"post","link":"https:\/\/archive.sana.sy\/es\/?p=55291","title":{"rendered":"Primer ministro se re\u00fane con los  jefes de las organizaciones populares"},"content":{"rendered":"<p style=\"text-align: justify\"><span style=\"color: #800000\">Damasco, SANA<\/span>&#8211; El primer ministro, Imad Jamis, se reuni\u00f3 con los jefes de las organizaciones populares y sindicatos profesionales para discutir los medios y las mejores formas de gestionar los recursos humanos y materiales con el fin de colaborar m\u00e1s en el trabajo del gobierno destinado al restablecimiento del plan de producci\u00f3n y la reconstrucci\u00f3n del pa\u00eds.<\/p>\n<p style=\"text-align: justify\"><a href=\"http:\/\/www.sana.sy\/es\/?attachment_id=55293\" rel=\"attachment wp-att-55293\"><img loading=\"lazy\" decoding=\"async\" class=\"alignnone size-medium wp-image-55293\" src=\"http:\/\/www.sana.sy\/es\/wp-content\/uploads\/2016\/11\/2-17-300x168-300x168.jpg\" alt=\"2-17-300x168\" width=\"300\" height=\"168\" srcset=\"https:\/\/archive.sana.sy\/es\/wp-content\/uploads\/2016\/11\/2-17-300x168.jpg 300w, https:\/\/archive.sana.sy\/es\/wp-content\/uploads\/2016\/11\/2-17-300x168-150x84.jpg 150w\" sizes=\"(max-width: 300px) 100vw, 300px\" \/><\/a><\/p>\n<p style=\"text-align: justify\">La reuni\u00f3n se centr\u00f3 en el papel pedido por del gobierno a las organizaciones relacionado con los procedimientos y con la modificaci\u00f3n de la legislaci\u00f3n que oriente su trabajo y apoya a sus actividades para mejorar el desempe\u00f1o administrativo, financiero y de inversi\u00f3n para satisfacer las aspiraciones y objetivos de los grupos representados por estos sindicatos para que sea la l\u00ednea paralela que apoya a la labor del gobierno que requiere que las organizaciones cambien el ritmo y el mecanismo de su trabajo llevados a cabo desde hace d\u00e9cadas con el fin de estar a la altura de nuevos avances t\u00e9cnicos, cient\u00edficos y humanos.<\/p>\n<p style=\"text-align: justify\">En el campo econ\u00f3mico y de inversi\u00f3n, se ha hecho hincapi\u00e9 en la necesidad de crear un nuevo pensamiento adecuado con las circunstancias actuales, a trav\u00e9s de la inversi\u00f3n en todos los activos, infraestructuras y recursos financieros de estas organizaciones p\u00fablicas a fin de aumentar sus capacidades econ\u00f3micas y elevar el nivel de vida de sus miembros, que representan a todos los componentes del pueblo sirio.<\/p>\n<p style=\"text-align: justify\">Los jefes de las organizaciones y asociaciones profesionales presentaron, cada uno seg\u00fan el sector que representa, su visi\u00f3n para el desarrollo del trabajo y promoverlo en el pr\u00f3ximo per\u00edodo.<\/p>\n<p><em>M.Miri<\/em><\/p>\n","protected":false},"excerpt":{"rendered":"<p>Damasco, SANA&#8211; El primer ministro, Imad Jamis, se reuni\u00f3 con los jefes de las organizaciones populares y sindicatos profesionales para discutir los medios y las mejores formas de gestionar los recursos humanos y materiales con el fin de colaborar m\u00e1s en el trabajo del gobierno destinado al restablecimiento del plan de producci\u00f3n y la reconstrucci\u00f3n &hellip;<\/p>\n","protected":false},"author":1,"featured_media":55292,"comment_status":"closed","ping_status":"closed","sticky":false,"template":"","format":"standard","meta":{"footnotes":""},"categories":[477,476,7541],"tags":[9666],"class_list":["post-55291","post","type-post","status-publish","format-standard","has-post-thumbnail","","category-noticias-edulcorantes","category-locales","category-ultimas-noticias","tag-primer-ministro-se-reune-jefes-de-las-organizaciones-populares"],"_links":{"self":[{"href":"https:\/\/archive.sana.sy\/es\/index.php?rest_route=\/wp\/v2\/posts\/55291"}],"collection":[{"href":"https:\/\/archive.sana.sy\/es\/index.php?rest_route=\/wp\/v2\/posts"}],"about":[{"href":"https:\/\/archive.sana.sy\/es\/index.php?rest_route=\/wp\/v2\/types\/post"}],"author":[{"embeddable":true,"href":"https:\/\/archive.sana.sy\/es\/index.php?rest_route=\/wp\/v2\/users\/1"}],"replies":[{"embeddable":true,"href":"https:\/\/archive.sana.sy\/es\/index.php?rest_route=%2Fwp%2Fv2%2Fcomments&post=55291"}],"version-history":[{"count":0,"href":"https:\/\/archive.sana.sy\/es\/index.php?rest_route=\/wp\/v2\/posts\/55291\/revisions"}],"wp:featuredmedia":[{"embeddable":true,"href":"https:\/\/archive.sana.sy\/es\/index.php?rest_route=\/wp\/v2\/media\/55292"}],"wp:attachment":[{"href":"https:\/\/archive.sana.sy\/es\/index.php?rest_route=%2Fwp%2Fv2%2Fmedia&parent=55291"}],"wp:term":[{"taxonomy":"category","embeddable":true,"href":"https:\/\/archive.sana.sy\/es\/index.php?rest_route=%2Fwp%2Fv2%2Fcategories&post=55291"},{"taxonomy":"post_tag","embeddable":true,"href":"https:\/\/archive.sana.sy\/es\/index.php?rest_route=%2Fwp%2Fv2%2Ftags&post=55291"}],"curies":[{"name":"wp","href":"https:\/\/api.w.org\/{rel}","templated":true}]}}