{"id":55451,"date":"2016-11-05T11:02:52","date_gmt":"2016-11-05T09:02:52","guid":{"rendered":"http:\/\/www.sana.sy\/es\/?p=55451"},"modified":"2016-11-05T12:51:53","modified_gmt":"2016-11-05T10:51:53","slug":"la-aviacion-rusa-y-la-aviacion-siria-no-realizan-incursiones-contra-posiciones-terroristas-en-alepo-desde-hace-19-dias","status":"publish","type":"post","link":"https:\/\/archive.sana.sy\/es\/?p=55451","title":{"rendered":"La aviaci\u00f3n rusa y la aviaci\u00f3n siria no realizan incursiones contra posiciones terroristas en Alepo desde hace 19 d\u00edas"},"content":{"rendered":"<p><span style=\"color: #800000;\">Mosc\u00fa-SANA<\/span><\/p>\n<p>El ministerio de Defensa ruso inform\u00f3 que la aviaci\u00f3n rusa y la siria no han realizado incursiones contra posiciones de los grupos terroristas en Alepo desde hace 19 d\u00edas, a pesar de las continuas provocaciones por parte de los terroristas.<\/p>\n<p>El portavoz del ministerio, el general Igor Konashenkov, se\u00f1al\u00f3 que la pausa humanitaria anunciada ayer desde las 09:00 de la ma\u00f1ana hasta las 19:00 horas de la tarde permiti\u00f3 a los grupos armados la posibilidad de abandonar a la ciudad de Alepo, y evacuar a los heridos , as\u00ed como permitir a los civiles salir de los barrios orientales.<\/p>\n<p>Las tropas sirias retiraron sus veh\u00edculos a una distancia de los corredores humanitarios determinados para la salida de los grupos armados, adem\u00e1s de preparar autobuses y ambulancias para evacuar a los enfermos y heridos, dijo Konashenkov.<\/p>\n<p>Y se\u00f1al\u00f3 que los armados en el este de la ciudad de Alepo dispararon contra el corredor humanitario en el Castelo, sabiendo que hay autobuses, ambulancias y periodistas, y atacaron esta zonas con morteros y ca\u00f1onazos hechos con bombonas de butano, causando la herida de dos oficiales rusos del Centro de Coordinaci\u00f3n Ruso, adem\u00e1s de dos heridos de los militares sirios.<\/p>\n<p>Konashenkov afirm\u00f3 que a pesar de los continuos ataques por parte de los armados, la aviaci\u00f3n rusa y la aviaci\u00f3n siria no realizaron ninguna incursi\u00f3n contra sus posiciones en Alepo desde hace 19 d\u00edas.<\/p>\n<p><span style=\"color: #0000ff;\">Akram. S<\/span><\/p>\n","protected":false},"excerpt":{"rendered":"<p>Mosc\u00fa-SANA El ministerio de Defensa ruso inform\u00f3 que la aviaci\u00f3n rusa y la siria no han realizado incursiones contra posiciones de los grupos terroristas en Alepo desde hace 19 d\u00edas, a pesar de las continuas provocaciones por parte de los terroristas. El portavoz del ministerio, el general Igor Konashenkov, se\u00f1al\u00f3 que la pausa humanitaria anunciada &hellip;<\/p>\n","protected":false},"author":1,"featured_media":55452,"comment_status":"closed","ping_status":"closed","sticky":false,"template":"","format":"standard","meta":{"footnotes":""},"categories":[597,467,583,7541],"tags":[],"class_list":["post-55451","post","type-post","status-publish","format-standard","has-post-thumbnail","","category-cinta-de-noticias","category-siria-y-el-mundo","category-slide","category-ultimas-noticias"],"_links":{"self":[{"href":"https:\/\/archive.sana.sy\/es\/index.php?rest_route=\/wp\/v2\/posts\/55451"}],"collection":[{"href":"https:\/\/archive.sana.sy\/es\/index.php?rest_route=\/wp\/v2\/posts"}],"about":[{"href":"https:\/\/archive.sana.sy\/es\/index.php?rest_route=\/wp\/v2\/types\/post"}],"author":[{"embeddable":true,"href":"https:\/\/archive.sana.sy\/es\/index.php?rest_route=\/wp\/v2\/users\/1"}],"replies":[{"embeddable":true,"href":"https:\/\/archive.sana.sy\/es\/index.php?rest_route=%2Fwp%2Fv2%2Fcomments&post=55451"}],"version-history":[{"count":0,"href":"https:\/\/archive.sana.sy\/es\/index.php?rest_route=\/wp\/v2\/posts\/55451\/revisions"}],"wp:featuredmedia":[{"embeddable":true,"href":"https:\/\/archive.sana.sy\/es\/index.php?rest_route=\/wp\/v2\/media\/55452"}],"wp:attachment":[{"href":"https:\/\/archive.sana.sy\/es\/index.php?rest_route=%2Fwp%2Fv2%2Fmedia&parent=55451"}],"wp:term":[{"taxonomy":"category","embeddable":true,"href":"https:\/\/archive.sana.sy\/es\/index.php?rest_route=%2Fwp%2Fv2%2Fcategories&post=55451"},{"taxonomy":"post_tag","embeddable":true,"href":"https:\/\/archive.sana.sy\/es\/index.php?rest_route=%2Fwp%2Fv2%2Ftags&post=55451"}],"curies":[{"name":"wp","href":"https:\/\/api.w.org\/{rel}","templated":true}]}}