{"id":55656,"date":"2016-11-08T19:12:44","date_gmt":"2016-11-08T17:12:44","guid":{"rendered":"http:\/\/www.sana.sy\/es\/?p=55656"},"modified":"2016-11-08T19:12:07","modified_gmt":"2016-11-08T17:12:07","slug":"vicecanciller-al-mekdad-resalta-una-campana-sionista-occidental-anti-siria-destinada-a-desviar-la-atencion-de-la-destruccion-causado-por-los-terrorsitas-en-alepo","status":"publish","type":"post","link":"https:\/\/archive.sana.sy\/es\/?p=55656","title":{"rendered":"Vicecanciller al-Mekdad resalta una campa\u00f1a sionista occidental anti Siria destinada a desviar la atenci\u00f3n de la destrucci\u00f3n causado por los terroristas en Alepo"},"content":{"rendered":"<p><span style=\"color: #800000\">Teher\u00e1n, SANA<\/span><\/p>\n<p>El vicecanciller sirio, Faisal al-Mekdad, debati\u00f3 este martes con el asesor especial del presidente del Consejo de Shura iran\u00ed (Parlamento) para Asuntos Internacionales, Hossein Amir Abdullahian, la cooperaci\u00f3n en materia de la econom\u00eda y pol\u00edtica entre los dos pa\u00edses hermanos y las v\u00edas de reforzarlas.<\/p>\n<p>Al-Mekdad agradeci\u00f3 a Ir\u00e1n por el apoyo econ\u00f3mico multifacial brindado a Siria para reforzar la resistencia de su pueblo a la guerra terrorista.<\/p>\n<p>Asimismo\u00a0hizo una panor\u00e1mica sobre los \u00faltimos acontecimientos en el escenario sirio y las victorias logradas por el ej\u00e9rcito sirio y sus aliados frente a los terroristas, se\u00f1alando que la campa\u00f1a lanzada por Occidente sus colaboracionistas en la regi\u00f3n tiene como finalidad difamar a Siria y sus aliados, incluyendo Rusia, Ir\u00e1n y Hezbol\u00e1.<\/p>\n<p>Por su parte, Abdullahian elogi\u00f3 las haza\u00f1as del ej\u00e9rcito sirio y sus aliados en la guerra antiterrorista y reiter\u00f3 el firme apoyo de Ir\u00e1n a Siria y su inter\u00e9s en afianzar los v\u00ednculos estrat\u00e9gicos bilaterales. As\u00ed como resalt\u00f3 la necesidad de que los patrocinadores del terrorismo dejen de inmediato de apoyar a los terroristas, advirtiendo que la amenaza\u00a0del terrorismo alcanzar\u00e1 a todos los pa\u00edses en el caso de la continuaci\u00f3n de la actividad pro terrorista.<\/p>\n<p>En declaraciones a la prensa tras la reuni\u00f3n, al-Mekdad inform\u00f3 que en la \u00faltima visita del asesor del Canciller iran\u00ed para Asuntos \u00c1rabes y Africanos, Hossein Yaber Ansari, a Damasco las partes iran\u00ed y siria acordaron la creaci\u00f3n de un comit\u00e9 pol\u00edtico para la coordinaci\u00f3n entre ambos pa\u00edses, el cual se re\u00fane una vez al mes. \u201cEsta es el primer encuentro que nos re\u00fane con nuestros hermanos en la Canciller\u00eda y los establecimientos estatales de la Rep\u00fablica Isl\u00e1mica de Ir\u00e1n\u201d, precis\u00f3.<\/p>\n<p>Al-Mekdad tach\u00f3 de \u201cbuenas\u201d las reuniones sostenidas entre la parte siria e iran\u00ed, agregando que las mismas corroboraron\u00a0la coincidencia de los puntos de vista de Siria e Ir\u00e1n respecto a lo que est\u00e1 sucediendo en el territorio sirio, la regi\u00f3n y el mundo.<\/p>\n<p>\u201cHemos informado\u00a0a nuestros hermanos en Teher\u00e1n sobre las novedades en Siria y las sucesivas victorias conseguidas por el ej\u00e9rcito sirio, gracias a sus aliados la Rep\u00fablica Isl\u00e1mica de Ir\u00e1n, Hezbol\u00e1, y la Federaci\u00f3n rusa, en las distintas \u00e1reas de Siria\u201d, sostuvo al-Mekdad.<\/p>\n<p>A\u00f1adi\u00f3 que el desarrollo de la situaci\u00f3n al norte de Siria, especialmente en Alepo ha sido uno de los temas abordados en las reuniones. En este contexto dijo; \u201cnos esforzamos para salvar la vida de los civiles, especialmente en la parte oriental de Alepo, as\u00ed como insistimos\u00a0a que la infraestructura no resulte\u00a0afectada en Alepo, mientras\u00a0\u00a0que la organizaci\u00f3n terrorista del Frente de al-Nousra utiliza a los civiles como escudos humanos para que mantenga su presencia odioso en el este de Alepo\u201d.<\/p>\n<p>Hizo referencia a una fuerte campa\u00f1a occidental sionista anti\u00a0Siria, la misma est\u00e1 encaminada a desviar la atenci\u00f3n de la destrucci\u00f3n causada a manos de los terroristas en Alepo, denunci\u00f3.<\/p>\n<p>\u201cArabia Saudita, Turqu\u00eda, Occidente y los cuerpos medi\u00e1ticos del Golfo defienden a sus aliados terroristas en Siria\u201d, dijo, afirmando que los sirios seguir\u00e1n defendiendo a su patria que volver\u00e1 m\u00e1s fuerte y unida, gracia a su liderazgo, la resistencia de su pueblo y ej\u00e9rcito, as\u00ed como el apoyo de sus aliados, especialmente Ir\u00e1n.<\/p>\n<p>Cabe destacar que el Vicecanciller al-Mekdad efect\u00faa una\u00a0visita a Teher\u00e1n tras haber recibido una invitaci\u00f3n por el asesor del canciller iran\u00ed para Asuntos \u00c1rabes y Africanos.<\/p>\n<p>&nbsp;<\/p>\n<p>&nbsp;<br \/>\nLynn A.<\/p>\n","protected":false},"excerpt":{"rendered":"<p>Teher\u00e1n, SANA El vicecanciller sirio, Faisal al-Mekdad, debati\u00f3 este martes con el asesor especial del presidente del Consejo de Shura iran\u00ed (Parlamento) para Asuntos Internacionales, Hossein Amir Abdullahian, la cooperaci\u00f3n en materia de la econom\u00eda y pol\u00edtica entre los dos pa\u00edses hermanos y las v\u00edas de reforzarlas. Al-Mekdad agradeci\u00f3 a Ir\u00e1n por el apoyo econ\u00f3mico &hellip;<\/p>\n","protected":false},"author":24,"featured_media":55657,"comment_status":"closed","ping_status":"closed","sticky":false,"template":"","format":"standard","meta":{"footnotes":""},"categories":[597,467,583,7541],"tags":[],"class_list":["post-55656","post","type-post","status-publish","format-standard","has-post-thumbnail","","category-cinta-de-noticias","category-siria-y-el-mundo","category-slide","category-ultimas-noticias"],"_links":{"self":[{"href":"https:\/\/archive.sana.sy\/es\/index.php?rest_route=\/wp\/v2\/posts\/55656"}],"collection":[{"href":"https:\/\/archive.sana.sy\/es\/index.php?rest_route=\/wp\/v2\/posts"}],"about":[{"href":"https:\/\/archive.sana.sy\/es\/index.php?rest_route=\/wp\/v2\/types\/post"}],"author":[{"embeddable":true,"href":"https:\/\/archive.sana.sy\/es\/index.php?rest_route=\/wp\/v2\/users\/24"}],"replies":[{"embeddable":true,"href":"https:\/\/archive.sana.sy\/es\/index.php?rest_route=%2Fwp%2Fv2%2Fcomments&post=55656"}],"version-history":[{"count":0,"href":"https:\/\/archive.sana.sy\/es\/index.php?rest_route=\/wp\/v2\/posts\/55656\/revisions"}],"wp:featuredmedia":[{"embeddable":true,"href":"https:\/\/archive.sana.sy\/es\/index.php?rest_route=\/wp\/v2\/media\/55657"}],"wp:attachment":[{"href":"https:\/\/archive.sana.sy\/es\/index.php?rest_route=%2Fwp%2Fv2%2Fmedia&parent=55656"}],"wp:term":[{"taxonomy":"category","embeddable":true,"href":"https:\/\/archive.sana.sy\/es\/index.php?rest_route=%2Fwp%2Fv2%2Fcategories&post=55656"},{"taxonomy":"post_tag","embeddable":true,"href":"https:\/\/archive.sana.sy\/es\/index.php?rest_route=%2Fwp%2Fv2%2Ftags&post=55656"}],"curies":[{"name":"wp","href":"https:\/\/api.w.org\/{rel}","templated":true}]}}