{"id":55911,"date":"2016-11-14T11:11:30","date_gmt":"2016-11-14T09:11:30","guid":{"rendered":"http:\/\/www.sana.sy\/es\/?p=55911"},"modified":"2016-11-14T12:24:57","modified_gmt":"2016-11-14T10:24:57","slug":"cancilleria-siria-rechaza-las-acusaciones-formuladas-en-la-resolucion-de-la-organizacion-por-la-prohibicion-de-armas-atomicas","status":"publish","type":"post","link":"https:\/\/archive.sana.sy\/es\/?p=55911","title":{"rendered":"Damasco rechaza acusaciones de la OPAQ sobre uso de armas qu\u00edmicas"},"content":{"rendered":"<p style=\"text-align: justify\"><span style=\"color: #800000\">Damasco, SANA<\/span><\/p>\n<p style=\"text-align: justify\">\nEl Ministerio de Exteriores y Expatriados rechaz\u00f3 la decisi\u00f3n del Consejo Ejecutivo de la Organizaci\u00f3n Internacional para la Prohibici\u00f3n de las Armas Qu\u00edmicas (OPAQ) sobre el uso de esos compuestos.<\/p>\n<p>Una declaraci\u00f3n de la canciller\u00eda siria precis\u00f3 que que Siria est\u00e1 decepcionada por la naturaleza t\u00e9cnica del trabajo de la OPAQ y el empeoramiento de la politizaci\u00f3n y polarizaci\u00f3n entre sus miembros, lo que se reflejar\u00e1 negativamente en el trabajo futuro.<\/p>\n<p>La nota asegura que Damasco rechaza las acusaciones en la propuesta presentada por Espa\u00f1a y la considera sesgada, pues solamente refleja las opiniones de un grupo de pa\u00edses adem\u00e1s de que no se permiti\u00f3 que otro importante grupo expresara sus puntos de vista sobre el texto de la resoluci\u00f3n.<\/p>\n<p>La Canciller\u00eda siria concluy\u00f3 su declaraci\u00f3n afirmando que estudiar\u00e1 detenidamente la decisi\u00f3n y emitir\u00e1 posteriormente su posici\u00f3n final sobre c\u00f3mo abordarla de acuerdo con las disposiciones de la convenci\u00f3n sobre el tema.<\/p>\n<p>La resoluci\u00f3n de la OPAQ condena al Gobierno sirio por utilizar presuntamente armas qu\u00edmicas en dos ocasiones sin datos y pruebas fehacientes.<\/p>\n<p><span style=\"color: #0000ff\">Fady M., \u00a0Riad Sh., Hala B.<\/span><\/p>\n","protected":false},"excerpt":{"rendered":"<p>Damasco, SANA El Ministerio de Exteriores y Expatriados rechaz\u00f3 la decisi\u00f3n del Consejo Ejecutivo de la Organizaci\u00f3n Internacional para la Prohibici\u00f3n de las Armas Qu\u00edmicas (OPAQ) sobre el uso de esos compuestos. Una declaraci\u00f3n de la canciller\u00eda siria precis\u00f3 que que Siria est\u00e1 decepcionada por la naturaleza t\u00e9cnica del trabajo de la OPAQ y el &hellip;<\/p>\n","protected":false},"author":1,"featured_media":55912,"comment_status":"closed","ping_status":"closed","sticky":false,"template":"","format":"standard","meta":{"footnotes":""},"categories":[477,597,476,583,7541],"tags":[9720,9721],"class_list":["post-55911","post","type-post","status-publish","format-standard","has-post-thumbnail","","category-noticias-edulcorantes","category-cinta-de-noticias","category-locales","category-slide","category-ultimas-noticias","tag-cancilleria-siria-rechaza-las-acusaciones-formuladas-en-la-resolucion-de-la-organizacion-por-la-prohibicion-de-armas-atomicas","tag-damasco-rechaza-acusaciones-de-la-opaq-sobre-uso-de-armas-quimicas"],"_links":{"self":[{"href":"https:\/\/archive.sana.sy\/es\/index.php?rest_route=\/wp\/v2\/posts\/55911"}],"collection":[{"href":"https:\/\/archive.sana.sy\/es\/index.php?rest_route=\/wp\/v2\/posts"}],"about":[{"href":"https:\/\/archive.sana.sy\/es\/index.php?rest_route=\/wp\/v2\/types\/post"}],"author":[{"embeddable":true,"href":"https:\/\/archive.sana.sy\/es\/index.php?rest_route=\/wp\/v2\/users\/1"}],"replies":[{"embeddable":true,"href":"https:\/\/archive.sana.sy\/es\/index.php?rest_route=%2Fwp%2Fv2%2Fcomments&post=55911"}],"version-history":[{"count":0,"href":"https:\/\/archive.sana.sy\/es\/index.php?rest_route=\/wp\/v2\/posts\/55911\/revisions"}],"wp:featuredmedia":[{"embeddable":true,"href":"https:\/\/archive.sana.sy\/es\/index.php?rest_route=\/wp\/v2\/media\/55912"}],"wp:attachment":[{"href":"https:\/\/archive.sana.sy\/es\/index.php?rest_route=%2Fwp%2Fv2%2Fmedia&parent=55911"}],"wp:term":[{"taxonomy":"category","embeddable":true,"href":"https:\/\/archive.sana.sy\/es\/index.php?rest_route=%2Fwp%2Fv2%2Fcategories&post=55911"},{"taxonomy":"post_tag","embeddable":true,"href":"https:\/\/archive.sana.sy\/es\/index.php?rest_route=%2Fwp%2Fv2%2Ftags&post=55911"}],"curies":[{"name":"wp","href":"https:\/\/api.w.org\/{rel}","templated":true}]}}