{"id":55957,"date":"2016-11-14T20:36:05","date_gmt":"2016-11-14T18:36:05","guid":{"rendered":"http:\/\/www.sana.sy\/es\/?p=55957"},"modified":"2016-11-14T20:36:05","modified_gmt":"2016-11-14T18:36:05","slug":"dos-martires-y-nueve-heridos-por-ataques-terroristas-con-cohetes-contra-la-zona-de-al-sumarya-en-la-periferia-de-damasco","status":"publish","type":"post","link":"https:\/\/archive.sana.sy\/es\/?p=55957","title":{"rendered":"Dos m\u00e1rtires y nueve heridos por ataques terroristas con cohetes contra la zona de al Sumarya en la periferia de Damasco"},"content":{"rendered":"<p><span style=\"color: #800000;\">Damasco Campo-SANA<\/span><\/p>\n<p>Al menos dos m\u00e1rtires y nueve heridos, entre ellos un ni\u00f1o en estado grave, cayeron por agresi\u00f3n terrorista con cohetes contra el barrio residencial \u201cal Sumarya\u201c, en la periferia de Damasco, adem\u00e1s de causar da\u00f1os materiales en el lugar.<\/p>\n<p>El pasado 10 de este mes, cinco personas resultaron heridas por un ataque terrorista con cohete lanzado por los terroristas del Ej\u00e9rcito del Islam contra una escuela en el barrio de al Mnuahayerin en Damasco, Y el d\u00eda 11 de este mes, la explosi\u00f3n de un artefacto explosivo colocado por terroristas en el barrio de Naher Eisha caus\u00f3 dos heridos, y da\u00f1os materiales en el lugar.<\/p>\n<p>&nbsp;<\/p>\n<p>&nbsp;<\/p>\n<p><span style=\"color: #0000ff;\">Akram. S<\/span><\/p>\n","protected":false},"excerpt":{"rendered":"<p>Damasco Campo-SANA Al menos dos m\u00e1rtires y nueve heridos, entre ellos un ni\u00f1o en estado grave, cayeron por agresi\u00f3n terrorista con cohetes contra el barrio residencial \u201cal Sumarya\u201c, en la periferia de Damasco, adem\u00e1s de causar da\u00f1os materiales en el lugar. El pasado 10 de este mes, cinco personas resultaron heridas por un ataque terrorista &hellip;<\/p>\n","protected":false},"author":1,"featured_media":55958,"comment_status":"closed","ping_status":"closed","sticky":false,"template":"","format":"standard","meta":{"footnotes":""},"categories":[597,573,583,7541],"tags":[],"class_list":["post-55957","post","type-post","status-publish","format-standard","has-post-thumbnail","","category-cinta-de-noticias","category-la-realidad-de-los-acontecimientos-en-siria","category-slide","category-ultimas-noticias"],"_links":{"self":[{"href":"https:\/\/archive.sana.sy\/es\/index.php?rest_route=\/wp\/v2\/posts\/55957"}],"collection":[{"href":"https:\/\/archive.sana.sy\/es\/index.php?rest_route=\/wp\/v2\/posts"}],"about":[{"href":"https:\/\/archive.sana.sy\/es\/index.php?rest_route=\/wp\/v2\/types\/post"}],"author":[{"embeddable":true,"href":"https:\/\/archive.sana.sy\/es\/index.php?rest_route=\/wp\/v2\/users\/1"}],"replies":[{"embeddable":true,"href":"https:\/\/archive.sana.sy\/es\/index.php?rest_route=%2Fwp%2Fv2%2Fcomments&post=55957"}],"version-history":[{"count":0,"href":"https:\/\/archive.sana.sy\/es\/index.php?rest_route=\/wp\/v2\/posts\/55957\/revisions"}],"wp:featuredmedia":[{"embeddable":true,"href":"https:\/\/archive.sana.sy\/es\/index.php?rest_route=\/wp\/v2\/media\/55958"}],"wp:attachment":[{"href":"https:\/\/archive.sana.sy\/es\/index.php?rest_route=%2Fwp%2Fv2%2Fmedia&parent=55957"}],"wp:term":[{"taxonomy":"category","embeddable":true,"href":"https:\/\/archive.sana.sy\/es\/index.php?rest_route=%2Fwp%2Fv2%2Fcategories&post=55957"},{"taxonomy":"post_tag","embeddable":true,"href":"https:\/\/archive.sana.sy\/es\/index.php?rest_route=%2Fwp%2Fv2%2Ftags&post=55957"}],"curies":[{"name":"wp","href":"https:\/\/api.w.org\/{rel}","templated":true}]}}