{"id":55960,"date":"2016-11-14T21:11:26","date_gmt":"2016-11-14T19:11:26","guid":{"rendered":"http:\/\/www.sana.sy\/es\/?p=55960"},"modified":"2016-11-14T21:49:48","modified_gmt":"2016-11-14T19:49:48","slug":"el-presidente-al-assad-patrocina-la-graduacion-de-un-nuevo-grupo-de-cadetes-de-la-academia-militar","status":"publish","type":"post","link":"https:\/\/archive.sana.sy\/es\/?p=55960","title":{"rendered":"El presidente al Assad patrocina la graduaci\u00f3n de un nuevo grupo de cadetes de la Academia Militar"},"content":{"rendered":"<p><span style=\"color: #800000;\">Damasco-SANA<\/span><\/p>\n<p>Bajo patrocinio del presidente Bashar al Assad, comandante general del Ej\u00e9rcito, se celebr\u00f3 la graduaci\u00f3n de un nuevo grupo de cadetes de la Academia Militar.<\/p>\n<p>El representante del patrocinador de la ceremonia felicit\u00f3 en una palabra a los cadetes graduados, y les transmiti\u00f3 la felicitaci\u00f3n del presidente Bashar al Assad, y su deseo de \u00e9xito y avance en cumplir sus deberes y misiones junto a los soldados del Ej\u00e9rcito que logran continuas victorias en todo el territorio sirio.<\/p>\n<p>Asimismo les llam\u00f3 a que fueran un ejemplo para sus subordinados en disciplina, conciencia y compromiso al deber y a la responsabilidad en defender a la patria y enfrentarse a cualquier ataque agresivo.<\/p>\n<p>Los nuevos oficiales prestaron juramento, y luego se entregaron los certificados y los reglaos a los cadetes destacados, y la ceremonia se concluy\u00f3 con el himno nacional de la Rep\u00fablica \u00c1rabe Siria.<br \/>\n<span style=\"color: #0000ff;\">Akram. S<\/span><\/p>\n","protected":false},"excerpt":{"rendered":"<p>Damasco-SANA Bajo patrocinio del presidente Bashar al Assad, comandante general del Ej\u00e9rcito, se celebr\u00f3 la graduaci\u00f3n de un nuevo grupo de cadetes de la Academia Militar. El representante del patrocinador de la ceremonia felicit\u00f3 en una palabra a los cadetes graduados, y les transmiti\u00f3 la felicitaci\u00f3n del presidente Bashar al Assad, y su deseo de &hellip;<\/p>\n","protected":false},"author":1,"featured_media":55966,"comment_status":"closed","ping_status":"closed","sticky":false,"template":"","format":"standard","meta":{"footnotes":""},"categories":[597,476,583,626,7541],"tags":[],"class_list":["post-55960","post","type-post","status-publish","format-standard","has-post-thumbnail","","category-cinta-de-noticias","category-locales","category-slide","category-sr-presidente","category-ultimas-noticias"],"_links":{"self":[{"href":"https:\/\/archive.sana.sy\/es\/index.php?rest_route=\/wp\/v2\/posts\/55960"}],"collection":[{"href":"https:\/\/archive.sana.sy\/es\/index.php?rest_route=\/wp\/v2\/posts"}],"about":[{"href":"https:\/\/archive.sana.sy\/es\/index.php?rest_route=\/wp\/v2\/types\/post"}],"author":[{"embeddable":true,"href":"https:\/\/archive.sana.sy\/es\/index.php?rest_route=\/wp\/v2\/users\/1"}],"replies":[{"embeddable":true,"href":"https:\/\/archive.sana.sy\/es\/index.php?rest_route=%2Fwp%2Fv2%2Fcomments&post=55960"}],"version-history":[{"count":0,"href":"https:\/\/archive.sana.sy\/es\/index.php?rest_route=\/wp\/v2\/posts\/55960\/revisions"}],"wp:featuredmedia":[{"embeddable":true,"href":"https:\/\/archive.sana.sy\/es\/index.php?rest_route=\/wp\/v2\/media\/55966"}],"wp:attachment":[{"href":"https:\/\/archive.sana.sy\/es\/index.php?rest_route=%2Fwp%2Fv2%2Fmedia&parent=55960"}],"wp:term":[{"taxonomy":"category","embeddable":true,"href":"https:\/\/archive.sana.sy\/es\/index.php?rest_route=%2Fwp%2Fv2%2Fcategories&post=55960"},{"taxonomy":"post_tag","embeddable":true,"href":"https:\/\/archive.sana.sy\/es\/index.php?rest_route=%2Fwp%2Fv2%2Ftags&post=55960"}],"curies":[{"name":"wp","href":"https:\/\/api.w.org\/{rel}","templated":true}]}}