{"id":5732,"date":"2014-07-27T16:18:29","date_gmt":"2014-07-27T13:18:29","guid":{"rendered":"http:\/\/www.sana.sy\/es\/?p=5732"},"modified":"2014-07-27T19:20:45","modified_gmt":"2014-07-27T16:20:45","slug":"irak-eliminado-un-cabecilla-del-%c2%a8estado-islamico%c2%a8","status":"publish","type":"post","link":"https:\/\/archive.sana.sy\/es\/?p=5732","title":{"rendered":"Irak: eliminado un cabecilla del \u00a8Estado Isl\u00e1mico\u00a8"},"content":{"rendered":"<p>Bagdad-SANA<\/p>\n<p>Las Fuerzas Armadas iraqu\u00edes continuaron sus operaciones militares y liquidaron a setenta y cinco terroristas, entre ellos el cabecilla del estado isl\u00e1mico de Irak y el Levante, adem\u00e1s de destruir diecis\u00e9is veh\u00edculos cargados de armas antia\u00e9reas, en incursiones a\u00e9reas desatadas contra posiciones y centros de concentraci\u00f3n de grupos terroristas en las provincias de Saladino, Kirkuk y Babilon.<\/p>\n<p>En la ciudad de Mosul, al norte de Irak, una fuente de seguridad inform\u00f3 que una unidad del Ej\u00e9rcito iraqu\u00ed desat\u00f3 una operaci\u00f3n en las cercan\u00edas de la ciudad, durante la cual logr\u00f3 matar al terrorista Nashwan Yasem Mohamad Ibrahim Al Hadidi, uno de los cabecillas del Estado isl\u00e1mico de Irak y el Levante.<\/p>\n<p>Cabe mencionar que una fuente de seguridad iraqu\u00ed subray\u00f3 anteriormente que las fuerzas de seguridad iraqu\u00edes mataron a 23 terroristas e hirieron a decenas en una operaci\u00f3n militar en la zona de Hemrin, al noreste de Baakuba.<\/p>\n<p><span style=\"color: #333399\">Yamil K.<\/span><\/p>\n","protected":false},"excerpt":{"rendered":"<p>Bagdad-SANA Las Fuerzas Armadas iraqu\u00edes continuaron sus operaciones militares y liquidaron a setenta y cinco terroristas, entre ellos el cabecilla del estado isl\u00e1mico de Irak y el Levante, adem\u00e1s de destruir diecis\u00e9is veh\u00edculos cargados de armas antia\u00e9reas, en incursiones a\u00e9reas desatadas contra posiciones y centros de concentraci\u00f3n de grupos terroristas en las provincias de Saladino, &hellip;<\/p>\n","protected":false},"author":1,"featured_media":5733,"comment_status":"closed","ping_status":"closed","sticky":false,"template":"","format":"standard","meta":{"footnotes":""},"categories":[456,576],"tags":[],"class_list":["post-5732","post","type-post","status-publish","format-standard","has-post-thumbnail","","category-arabe-internacional-politica","category-noticias-politicas"],"_links":{"self":[{"href":"https:\/\/archive.sana.sy\/es\/index.php?rest_route=\/wp\/v2\/posts\/5732"}],"collection":[{"href":"https:\/\/archive.sana.sy\/es\/index.php?rest_route=\/wp\/v2\/posts"}],"about":[{"href":"https:\/\/archive.sana.sy\/es\/index.php?rest_route=\/wp\/v2\/types\/post"}],"author":[{"embeddable":true,"href":"https:\/\/archive.sana.sy\/es\/index.php?rest_route=\/wp\/v2\/users\/1"}],"replies":[{"embeddable":true,"href":"https:\/\/archive.sana.sy\/es\/index.php?rest_route=%2Fwp%2Fv2%2Fcomments&post=5732"}],"version-history":[{"count":0,"href":"https:\/\/archive.sana.sy\/es\/index.php?rest_route=\/wp\/v2\/posts\/5732\/revisions"}],"wp:featuredmedia":[{"embeddable":true,"href":"https:\/\/archive.sana.sy\/es\/index.php?rest_route=\/wp\/v2\/media\/5733"}],"wp:attachment":[{"href":"https:\/\/archive.sana.sy\/es\/index.php?rest_route=%2Fwp%2Fv2%2Fmedia&parent=5732"}],"wp:term":[{"taxonomy":"category","embeddable":true,"href":"https:\/\/archive.sana.sy\/es\/index.php?rest_route=%2Fwp%2Fv2%2Fcategories&post=5732"},{"taxonomy":"post_tag","embeddable":true,"href":"https:\/\/archive.sana.sy\/es\/index.php?rest_route=%2Fwp%2Fv2%2Ftags&post=5732"}],"curies":[{"name":"wp","href":"https:\/\/api.w.org\/{rel}","templated":true}]}}