{"id":5736,"date":"2014-07-28T12:49:21","date_gmt":"2014-07-28T09:49:21","guid":{"rendered":"http:\/\/www.sana.sy\/es\/?p=5736"},"modified":"2014-07-29T15:02:19","modified_gmt":"2014-07-29T12:02:19","slug":"el-presidente-al-assad-efectua-el-rezo-de-la-feliz-fiesta-de-eid-al-fitr-en-la-mezquita-de-al-jair-en-damasco","status":"publish","type":"post","link":"https:\/\/archive.sana.sy\/es\/?p=5736","title":{"rendered":"El presidente al-Assad efect\u00faa el rezo de la feliz fiesta de Eid al-Fitr en la mezquita de al-Jair en Damasco."},"content":{"rendered":"<p><span style=\"color: #ff0000\"><strong>Damasco, SANA<\/strong><\/span><\/p>\n<p><strong>El Sr. president Bashar al- Assad realiz\u00f3 el rezo de la fiesta del fin del ayuno de Ramadan \u201cEid al-Fitr\u201d en la mezquita de al-Jair en esta capital.<\/strong><strong><a href=\"http:\/\/www.sana.sy\/wp-content\/uploads\/2014\/07\/11910.jpg\"><br \/>\n<\/a><\/strong><\/p>\n<p><strong>Efectu\u00f3 el rezo junto al presidente a-Assad altos cargos en el Partido y el Estado, y un n\u00famero de miembros de la Asamblea del Pueblo, adem\u00e1s del ministro de Asuntos Religiosos (Awkaf)\u00a0 y el muft\u00ed general de la Rep\u00fablica, y un n\u00famero de ulemas musulmanes y un p\u00fablico de ciudadanos, quienes rezaron detr\u00e1s del jeque Dr. Muhammad Sharif al-Sawaf.<\/strong><strong>\u00a0<\/strong><\/p>\n<p><strong>Acto seguido el presidente escuch\u00f3 el serm\u00f3n del Eid pronunciado por el Dr. Al-Sawaf en el cual recalc\u00f3 los significados sublimes de la venerada fiesta del fin de Ramad\u00e1n, se\u00f1alando que la civilizaci\u00f3n \u00e1rabe isl\u00e1mica triunf\u00f3 porque levaba en s\u00ed los factores de la felicidad del individuo y de las naciones o sea el islam tal como hab\u00eda descendido de Allah (Dios) y como lo viv\u00eda el\u00a0 profeta Muhammad (que la paz sea con \u00e9l), y tal como lo encarnaban los nobles compa\u00f1eros del profeta y los fieles sinceros, quienes lo entend\u00edan como un valor humano supremo sin precedentes en la historia en materia de benignidad y humanismo.\u00a0<\/strong><\/p>\n<p><strong>El sermoneador del Eid destac\u00f3 que los enemigos de la naci\u00f3n, en su empe\u00f1o por el caos y la falsificaci\u00f3n, han engendrado horripilantes criaturas que son los movimientos terroristas que alegan representar al proyecto islamista, mientras en realidad son nuevos fariseos, nietos de los ultras que son el mal de esta naci\u00f3n\u2026 son financiados por los petrod\u00f3lares\u2026 poco juiciosos.. decapitan y atentan contra los bienes y las honras\u2026 inventan cada d\u00eda escenas en cadena de traici\u00f3n al islam\u2026 venden sus patrias y la sangre de sus hermanos\u2026 se arruinan sus casas adrede y erigen estandartes de populacho \u2026 y alegan que esto es el islam. \u00a0<\/strong><\/p>\n<p><strong>Al-Sawaf agreg\u00f3 que Siria ha triunfado y derrocado el complot porque \u201cla voluntad del pueblo y la determinaci\u00f3n de su l\u00edder se han erguido en una barrera infranqueable que asombra al mundo con su nitidez y porque la conciencia de los sirios ha sido impenetrable frente a los sectarios\u201d.<\/strong><\/p>\n<p><strong>El predicador se dirigi\u00f3 a los sirios diciendo que \u201cla dirigencia de la naci\u00f3n se compromete ante los patriotas a que el futuro de Siria sea un futuro de bien, reconciliaci\u00f3n y reconstrucci\u00f3n\u2026 por tanto el deber es tender las manos a esa dirigencia y comprometerse ante el Alt\u00edsimo por un futuro de unidad hasta que culmine el bien y se logre la victoria sobre los enemigos\u201d, afirmando que \u201cla patria abre sus brazos a los hijos pr\u00f3digos arrepentidos porque hace falta el esfuerzo sincero de cada uno para construir el futuro y restaurar el pa\u00eds\u201d. <\/strong><\/p>\n<p><strong>Al t\u00e9rmino de su serm\u00f3n el predicador invoc\u00f3 al Alt\u00edsimo para que conceda la victoria a Siria sobre sus enemigos. <\/strong><\/p>\n<p>&nbsp;<\/p>\n<p><strong><span style=\"color: #00ccff\">Ryad Sh., Hala B.<\/span><\/strong><\/p>\n","protected":false},"excerpt":{"rendered":"<p>Damasco, SANA El Sr. president Bashar al- Assad realiz\u00f3 el rezo de la fiesta del fin del ayuno de Ramadan \u201cEid al-Fitr\u201d en la mezquita de al-Jair en esta capital. Efectu\u00f3 el rezo junto al presidente a-Assad altos cargos en el Partido y el Estado, y un n\u00famero de miembros de la Asamblea del Pueblo, &hellip;<\/p>\n","protected":false},"author":1,"featured_media":5737,"comment_status":"closed","ping_status":"closed","sticky":false,"template":"","format":"standard","meta":{"footnotes":""},"categories":[476,626],"tags":[1308],"class_list":["post-5736","post","type-post","status-publish","format-standard","has-post-thumbnail","","category-locales","category-sr-presidente","tag-el-presidente-al-assad-efectua-el-rezo-de-la-feliz-fiesta-de-eid-al-fitr-en-la-mezquita-de-al-jair-en-damasco"],"_links":{"self":[{"href":"https:\/\/archive.sana.sy\/es\/index.php?rest_route=\/wp\/v2\/posts\/5736"}],"collection":[{"href":"https:\/\/archive.sana.sy\/es\/index.php?rest_route=\/wp\/v2\/posts"}],"about":[{"href":"https:\/\/archive.sana.sy\/es\/index.php?rest_route=\/wp\/v2\/types\/post"}],"author":[{"embeddable":true,"href":"https:\/\/archive.sana.sy\/es\/index.php?rest_route=\/wp\/v2\/users\/1"}],"replies":[{"embeddable":true,"href":"https:\/\/archive.sana.sy\/es\/index.php?rest_route=%2Fwp%2Fv2%2Fcomments&post=5736"}],"version-history":[{"count":0,"href":"https:\/\/archive.sana.sy\/es\/index.php?rest_route=\/wp\/v2\/posts\/5736\/revisions"}],"wp:featuredmedia":[{"embeddable":true,"href":"https:\/\/archive.sana.sy\/es\/index.php?rest_route=\/wp\/v2\/media\/5737"}],"wp:attachment":[{"href":"https:\/\/archive.sana.sy\/es\/index.php?rest_route=%2Fwp%2Fv2%2Fmedia&parent=5736"}],"wp:term":[{"taxonomy":"category","embeddable":true,"href":"https:\/\/archive.sana.sy\/es\/index.php?rest_route=%2Fwp%2Fv2%2Fcategories&post=5736"},{"taxonomy":"post_tag","embeddable":true,"href":"https:\/\/archive.sana.sy\/es\/index.php?rest_route=%2Fwp%2Fv2%2Ftags&post=5736"}],"curies":[{"name":"wp","href":"https:\/\/api.w.org\/{rel}","templated":true}]}}