{"id":5748,"date":"2014-07-28T15:43:54","date_gmt":"2014-07-28T12:43:54","guid":{"rendered":"http:\/\/www.sana.sy\/es\/?p=5748"},"modified":"2014-07-28T15:43:54","modified_gmt":"2014-07-28T12:43:54","slug":"al-halaki-los-sacrificios-de-los-heroes-del-ejercito-sirio-son-preludio-a-la-gran-victoria","status":"publish","type":"post","link":"https:\/\/archive.sana.sy\/es\/?p=5748","title":{"rendered":"Al Halaki: los sacrificios de los h\u00e9roes del ej\u00e9rcito\u00a0 sirio, son preludio a la gran victoria"},"content":{"rendered":"<p><span><strong>Damasco, SANA<\/strong><\/span><\/p>\n<p><strong>El primer ministro el Dr. Wael Al Halaki visit\u00f3 a los heridos del ejercito \u00e1rabe sirio en el hospital del m\u00e1rtir Yosof Al Azameh, y examin\u00f3 la realidad de los servicios m\u00e9dicos en los hospitales de Al Moasat y Pedi\u00e1trico en Damasco.<\/strong><\/p>\n<p><strong>El mismo se\u00f1al\u00f3 que las directivas del presidente Bashar Al Assad, afirmaron\u00a0 la necesidad de la comunicaci\u00f3n con los ciudadanos y comprobar\u00a0 la situaci\u00f3n \u00a0de todos los sectores.<\/strong><\/p>\n<p><strong>El mismo declar\u00f3 que \u201cgracias a la cohesi\u00f3n entre pueblo, liderazgo y ej\u00e9rcito, hemos sido capaces de defender a nuestro pa\u00eds\u201d.<\/strong><\/p>\n<p><strong>El Halaki durante su inspecci\u00f3n de\u00a0 los servicios en el hospital de Moasat, asegur\u00f3 que este hospital ha soportado mucha carga en las circunstancias actuales, a trav\u00e9s de ofrecer servicios m\u00e9dicos y que siempre esta en alta disponibilidad. <\/strong><\/p>\n<p><strong>Durante su recorrido por el Hospital\u00a0 Pedi\u00e1trico, elogi\u00f3 los servicios distinguidos de los sectores de ambulancia e incubadoras, afirmando\u00a0 la necesidad de cuidar bien la salud de los ni\u00f1os porque son el futuro del pa\u00eds. <\/strong><\/p>\n<p><strong>El mismo escuch\u00f3 de los heridos del ej\u00e9rcito \u00e1rabe sirio acerca del nivel de los servicios ofrecidos por el hospital, as\u00ed como escuch\u00f3 a los padres de los heridos, quienes expresaron su agradecimiento al gobierno.<\/strong><\/p>\n<p><strong>Cabe destacar que la gira fue con la participaci\u00f3n del subcomandante\u00a0 del Ej\u00e9rcito y de las Fuerzas Armadas y ministro de Defensa en el gobierno provisional el general Fahed Yasem Al Frey, y con el ministro de la Educaci\u00f3n Superior el Dr. Malek Ali<\/strong><\/p>\n<p><span style=\"color: #00ccff\"><strong>Hala B., Ryad SH.<\/strong><\/span><\/p>\n<p><strong>\u00a0<\/strong><\/p>\n","protected":false},"excerpt":{"rendered":"<p>Damasco, SANA El primer ministro el Dr. Wael Al Halaki visit\u00f3 a los heridos del ejercito \u00e1rabe sirio en el hospital del m\u00e1rtir Yosof Al Azameh, y examin\u00f3 la realidad de los servicios m\u00e9dicos en los hospitales de Al Moasat y Pedi\u00e1trico en Damasco. El mismo se\u00f1al\u00f3 que las directivas del presidente Bashar Al Assad, &hellip;<\/p>\n","protected":false},"author":1,"featured_media":5749,"comment_status":"closed","ping_status":"closed","sticky":false,"template":"","format":"standard","meta":{"footnotes":""},"categories":[447,597,476,576],"tags":[1310,1311],"class_list":["post-5748","post","type-post","status-publish","format-standard","has-post-thumbnail","","category-local-politica","category-cinta-de-noticias","category-locales","category-noticias-politicas","tag-al-halaki-los-sacrificios-de-los-heroes-del-ejercito-sirio","tag-son-preludio-a-la-gran-victoria"],"_links":{"self":[{"href":"https:\/\/archive.sana.sy\/es\/index.php?rest_route=\/wp\/v2\/posts\/5748"}],"collection":[{"href":"https:\/\/archive.sana.sy\/es\/index.php?rest_route=\/wp\/v2\/posts"}],"about":[{"href":"https:\/\/archive.sana.sy\/es\/index.php?rest_route=\/wp\/v2\/types\/post"}],"author":[{"embeddable":true,"href":"https:\/\/archive.sana.sy\/es\/index.php?rest_route=\/wp\/v2\/users\/1"}],"replies":[{"embeddable":true,"href":"https:\/\/archive.sana.sy\/es\/index.php?rest_route=%2Fwp%2Fv2%2Fcomments&post=5748"}],"version-history":[{"count":0,"href":"https:\/\/archive.sana.sy\/es\/index.php?rest_route=\/wp\/v2\/posts\/5748\/revisions"}],"wp:featuredmedia":[{"embeddable":true,"href":"https:\/\/archive.sana.sy\/es\/index.php?rest_route=\/wp\/v2\/media\/5749"}],"wp:attachment":[{"href":"https:\/\/archive.sana.sy\/es\/index.php?rest_route=%2Fwp%2Fv2%2Fmedia&parent=5748"}],"wp:term":[{"taxonomy":"category","embeddable":true,"href":"https:\/\/archive.sana.sy\/es\/index.php?rest_route=%2Fwp%2Fv2%2Fcategories&post=5748"},{"taxonomy":"post_tag","embeddable":true,"href":"https:\/\/archive.sana.sy\/es\/index.php?rest_route=%2Fwp%2Fv2%2Ftags&post=5748"}],"curies":[{"name":"wp","href":"https:\/\/api.w.org\/{rel}","templated":true}]}}