{"id":57619,"date":"2016-12-11T20:22:58","date_gmt":"2016-12-11T18:22:58","guid":{"rendered":"http:\/\/www.sana.sy\/es\/?p=57619"},"modified":"2016-12-11T20:24:00","modified_gmt":"2016-12-11T18:24:00","slug":"al-assad-participa-en-un-acto-religioso-con-motivo-del-aniversario-del-natalicio-del-profeta-muhammad","status":"publish","type":"post","link":"https:\/\/archive.sana.sy\/es\/?p=57619","title":{"rendered":"Al-Assad participa en un acto religioso con motivo del aniversario del natalicio del profeta Muhammad"},"content":{"rendered":"<p>Damasco-SANA<\/p>\n<p>El Presidente Bashar Al-Assad ha participado en un\u00a0acto religioso celebrado en la mezquita de Ibad Al-Rahman en Damasco, con motivo del aniversario del natalicio del profeta del Islam, Muhammad.<\/p>\n<p><img loading=\"lazy\" decoding=\"async\" class=\"alignnone size-medium wp-image-57622\" src=\"http:\/\/www.sana.sy\/es\/wp-content\/uploads\/2016\/12\/assad-acto-1-300x168.jpg\" alt=\"\" width=\"300\" height=\"168\" srcset=\"https:\/\/archive.sana.sy\/es\/wp-content\/uploads\/2016\/12\/assad-acto-1.jpg 300w, https:\/\/archive.sana.sy\/es\/wp-content\/uploads\/2016\/12\/assad-acto-1-150x84.jpg 150w\" sizes=\"(max-width: 300px) 100vw, 300px\" \/><\/p>\n<p>El acto religioso comenz\u00f3 con el recital de vers\u00edculos del Cor\u00e1n.<\/p>\n<p>Acto seguido, el ministro de Dotaciones Religiosas, \u00a8Awkaf\u00a8, Muhammad Abdulsattar Al-Sayed, pronunci\u00f3 una palabra en la que dijo que el profeta Muhammad liber\u00f3 la mente, puso fin a la superstici\u00f3n, garanti\u00f3 justicia a las mujeres, acab\u00f3 con el extremismo y profundiz\u00f3 los lazos de hermandad entre los musulmanes y cristianos.<\/p>\n<p>El Director del Departamento de Dotaci\u00f3n Religiosa del Campo de Damasco, Khedr Shahrour concluy\u00f3 el acto, \u00a0pidiendo a Dios que preserve y ayude a Siria y su ej\u00e9rcito y pueblo, as\u00ed como que proteja a Siria de sus enemigos y restablezca la seguridad a todo el pa\u00eds.<\/p>\n<p>Yamil K.<\/p>\n","protected":false},"excerpt":{"rendered":"<p>Damasco-SANA El Presidente Bashar Al-Assad ha participado en un\u00a0acto religioso celebrado en la mezquita de Ibad Al-Rahman en Damasco, con motivo del aniversario del natalicio del profeta del Islam, Muhammad. El acto religioso comenz\u00f3 con el recital de vers\u00edculos del Cor\u00e1n. Acto seguido, el ministro de Dotaciones Religiosas, \u00a8Awkaf\u00a8, Muhammad Abdulsattar Al-Sayed, pronunci\u00f3 una palabra &hellip;<\/p>\n","protected":false},"author":1,"featured_media":57620,"comment_status":"closed","ping_status":"closed","sticky":false,"template":"","format":"standard","meta":{"footnotes":""},"categories":[583,626],"tags":[],"class_list":["post-57619","post","type-post","status-publish","format-standard","has-post-thumbnail","","category-slide","category-sr-presidente"],"_links":{"self":[{"href":"https:\/\/archive.sana.sy\/es\/index.php?rest_route=\/wp\/v2\/posts\/57619"}],"collection":[{"href":"https:\/\/archive.sana.sy\/es\/index.php?rest_route=\/wp\/v2\/posts"}],"about":[{"href":"https:\/\/archive.sana.sy\/es\/index.php?rest_route=\/wp\/v2\/types\/post"}],"author":[{"embeddable":true,"href":"https:\/\/archive.sana.sy\/es\/index.php?rest_route=\/wp\/v2\/users\/1"}],"replies":[{"embeddable":true,"href":"https:\/\/archive.sana.sy\/es\/index.php?rest_route=%2Fwp%2Fv2%2Fcomments&post=57619"}],"version-history":[{"count":0,"href":"https:\/\/archive.sana.sy\/es\/index.php?rest_route=\/wp\/v2\/posts\/57619\/revisions"}],"wp:featuredmedia":[{"embeddable":true,"href":"https:\/\/archive.sana.sy\/es\/index.php?rest_route=\/wp\/v2\/media\/57620"}],"wp:attachment":[{"href":"https:\/\/archive.sana.sy\/es\/index.php?rest_route=%2Fwp%2Fv2%2Fmedia&parent=57619"}],"wp:term":[{"taxonomy":"category","embeddable":true,"href":"https:\/\/archive.sana.sy\/es\/index.php?rest_route=%2Fwp%2Fv2%2Fcategories&post=57619"},{"taxonomy":"post_tag","embeddable":true,"href":"https:\/\/archive.sana.sy\/es\/index.php?rest_route=%2Fwp%2Fv2%2Ftags&post=57619"}],"curies":[{"name":"wp","href":"https:\/\/api.w.org\/{rel}","templated":true}]}}