{"id":57638,"date":"2016-12-12T19:40:01","date_gmt":"2016-12-12T17:40:01","guid":{"rendered":"http:\/\/www.sana.sy\/es\/?p=57638"},"modified":"2016-12-12T20:46:07","modified_gmt":"2016-12-12T18:46:07","slug":"en-un-mensaje-al-presidente-al-assad-el-papa-francisco-expresa-su-profunda-solidaridad-con-siria-y-su-pueblo","status":"publish","type":"post","link":"https:\/\/archive.sana.sy\/es\/?p=57638","title":{"rendered":"En un mensaje al presidente al Assad, el Papa Francisco expresa su profunda solidaridad con Siria y su pueblo"},"content":{"rendered":"<p><span style=\"color: #800000\">Damasco, SANA<\/span><\/p>\n<p>El presidente Bashar al Assad, recibi\u00f3 una carta del Papa Francisco, la cual fue entregada por el nuncio apost\u00f3lico en Damasco, el cardenal Mario Zinare.<\/p>\n<p>En su carta, el Papa expres\u00f3 su profunda solidaridad con Siria y su pueblo en las dif\u00edciles circunstancias que est\u00e1n atravesando, reiterando la condena del Vaticano a todas formas de extremismo y terrorismo.<\/p>\n<p>El Sumo Pont\u00edfice llam\u00f3 a unir los esfuerzos de todo el mundo con el fin de poner fin a la guerra en Siria y el retorno de la paz deseada, as\u00ed como para que Siria vuelva como siempre lo ha sido, un modelo de convivencia entre las diferentes culturas y religiones.<\/p>\n<p>Por su parte, el presidente Al-Assad felicit\u00f3 al nuncio Zinare por su ser nombramiento como cardenal, se\u00f1alando que mantenerlo como embajador del Vaticano en Siria despu\u00e9s de haber recibido esta orden es un caso \u00fanico en el mundo y representa un precedente pol\u00edtico, hist\u00f3rico y humano que confirma la gran atenci\u00f3n prestada por el Papa Francisco a Siria y su pueblo.<\/p>\n<p>El presidente al Assad subray\u00f3 que Siria, Estado y Pueblo, est\u00e1 decidida a instaurar la seguridad y la estabilidad en toda Siria, y por eso avanza en el logro de las conciliaciones que constituyen el \u00f3ptimo camino hacia el logro de este objetivo.<\/p>\n<p>Por su parte, el cardenal Zinare expres\u00f3 su alegr\u00eda por permanecer como embajador en Siria despu\u00e9s de haber obtenido el rango de cardenal, haciendo hincapi\u00e9 en que Siria es la cuna del cristianismo y de los mensajes divinos, y es un pa\u00eds muy importante y tiene un papel fundamental en la regi\u00f3n y debe superar esa terrible experiencia y volver mejor de lo que era.<\/p>\n<p>Fady. M- Riad. Sh- Y. K.<\/p>\n","protected":false},"excerpt":{"rendered":"<p>Damasco, SANA El presidente Bashar al Assad, recibi\u00f3 una carta del Papa Francisco, la cual fue entregada por el nuncio apost\u00f3lico en Damasco, el cardenal Mario Zinare. En su carta, el Papa expres\u00f3 su profunda solidaridad con Siria y su pueblo en las dif\u00edciles circunstancias que est\u00e1n atravesando, reiterando la condena del Vaticano a todas &hellip;<\/p>\n","protected":false},"author":1,"featured_media":57639,"comment_status":"closed","ping_status":"closed","sticky":false,"template":"","format":"standard","meta":{"footnotes":""},"categories":[583,626],"tags":[],"class_list":["post-57638","post","type-post","status-publish","format-standard","has-post-thumbnail","","category-slide","category-sr-presidente"],"_links":{"self":[{"href":"https:\/\/archive.sana.sy\/es\/index.php?rest_route=\/wp\/v2\/posts\/57638"}],"collection":[{"href":"https:\/\/archive.sana.sy\/es\/index.php?rest_route=\/wp\/v2\/posts"}],"about":[{"href":"https:\/\/archive.sana.sy\/es\/index.php?rest_route=\/wp\/v2\/types\/post"}],"author":[{"embeddable":true,"href":"https:\/\/archive.sana.sy\/es\/index.php?rest_route=\/wp\/v2\/users\/1"}],"replies":[{"embeddable":true,"href":"https:\/\/archive.sana.sy\/es\/index.php?rest_route=%2Fwp%2Fv2%2Fcomments&post=57638"}],"version-history":[{"count":0,"href":"https:\/\/archive.sana.sy\/es\/index.php?rest_route=\/wp\/v2\/posts\/57638\/revisions"}],"wp:featuredmedia":[{"embeddable":true,"href":"https:\/\/archive.sana.sy\/es\/index.php?rest_route=\/wp\/v2\/media\/57639"}],"wp:attachment":[{"href":"https:\/\/archive.sana.sy\/es\/index.php?rest_route=%2Fwp%2Fv2%2Fmedia&parent=57638"}],"wp:term":[{"taxonomy":"category","embeddable":true,"href":"https:\/\/archive.sana.sy\/es\/index.php?rest_route=%2Fwp%2Fv2%2Fcategories&post=57638"},{"taxonomy":"post_tag","embeddable":true,"href":"https:\/\/archive.sana.sy\/es\/index.php?rest_route=%2Fwp%2Fv2%2Ftags&post=57638"}],"curies":[{"name":"wp","href":"https:\/\/api.w.org\/{rel}","templated":true}]}}