{"id":57721,"date":"2016-12-13T21:00:18","date_gmt":"2016-12-13T19:00:18","guid":{"rendered":"http:\/\/www.sana.sy\/es\/?p=57721"},"modified":"2016-12-13T21:00:18","modified_gmt":"2016-12-13T19:00:18","slug":"delegacion-parlamentaria-checa-reitera-su-apoyo-a-siria","status":"publish","type":"post","link":"https:\/\/archive.sana.sy\/es\/?p=57721","title":{"rendered":"Delegaci\u00f3n parlamentaria checa reitera su apoyo a Siria"},"content":{"rendered":"<p><span style=\"color: #800000\">Damasco, SANA<\/span>&#8211; Hadiyeh Abbas, presidenta de la Asamblea Popular, destac\u00f3 el martes durante su reuni\u00f3n con una delegaci\u00f3n parlamentaria checa encabezada por, Zuzka Bebarova Rujbrova, la necesidad de mejorar las relaciones entre Siria y la Rep\u00fablica Checa en todos los sectores, en particular los parlamentarios.<\/p>\n<p>Abbas se\u00f1al\u00f3 que la visita de la delegaci\u00f3n checa a Siria es una iniciativa importante que contribuir\u00e1 al desarrollo de las relaciones bilaterales e impulsarlas.<\/p>\n<p>A\u00f1adi\u00f3 que tales visitas de delegaciones de pa\u00edses amigos ayudan a exponer la naturaleza de la guerra terrorista liberada contra Siria y el apoyo brindado a los terroristas por pa\u00edses \u00e1rabes, regionales e internaciones.<\/p>\n<p>Abbas destac\u00f3 el importante papel desempe\u00f1ado por la Rep\u00fablica Checa, en particular su parlamento, en apoyar al pueblo sirio durante la crisis y la continua ayuda prestada por la Rep\u00fablica Checa a las familias desplazadas y otras familias afectadas por el terrorismo.<\/p>\n<p>A su vez, Rujbrova expres\u00f3 su confianza en que Siria es capaz de restablecer la seguridad y la estabilidad de todo su territorio y comenzar la reconstrucci\u00f3n para asegurar el regreso de las familias desplazadas a sus hogares, afirmando la importancia de reforzar la cooperaci\u00f3n bilateral en la lucha contra el terrorismo.<\/p>\n<p>Se\u00f1al\u00f3 que su pa\u00eds seguir\u00e1 enviando ayuda humanitaria a los sirios y est\u00e1 dispuesto a tomar parte en la fase de reconstrucci\u00f3n.<\/p>\n<p><a href=\"http:\/\/www.sana.sy\/es\/?attachment_id=57723\" rel=\"attachment wp-att-57723\"><img loading=\"lazy\" decoding=\"async\" class=\"alignnone size-medium wp-image-57723\" src=\"http:\/\/www.sana.sy\/es\/wp-content\/uploads\/2016\/12\/2-7-300x168.jpg\" alt=\"\" width=\"300\" height=\"168\" srcset=\"https:\/\/archive.sana.sy\/es\/wp-content\/uploads\/2016\/12\/2-7.jpg 300w, https:\/\/archive.sana.sy\/es\/wp-content\/uploads\/2016\/12\/2-7-150x84.jpg 150w\" sizes=\"(max-width: 300px) 100vw, 300px\" \/><\/a><\/p>\n<p>Por su parte, un miembro de la Comisi\u00f3n de Asuntos Exteriores del Parlamento checo confirm\u00f3 la importancia de la visita de la delegaci\u00f3n para inspeccionar la situaci\u00f3n sobre el terreno y se\u00f1al\u00f3 que los ciudadanos sirios pasan sus d\u00edas normalmente.<\/p>\n<p>La delegaci\u00f3n checa visit\u00f3 posteriormente el centro de estancia temporal de los desplazados en Mashroua Dummar.<\/p>\n<p>M\/Miri<\/p>\n","protected":false},"excerpt":{"rendered":"<p>Damasco, SANA&#8211; Hadiyeh Abbas, presidenta de la Asamblea Popular, destac\u00f3 el martes durante su reuni\u00f3n con una delegaci\u00f3n parlamentaria checa encabezada por, Zuzka Bebarova Rujbrova, la necesidad de mejorar las relaciones entre Siria y la Rep\u00fablica Checa en todos los sectores, en particular los parlamentarios. Abbas se\u00f1al\u00f3 que la visita de la delegaci\u00f3n checa a &hellip;<\/p>\n","protected":false},"author":1,"featured_media":57722,"comment_status":"closed","ping_status":"closed","sticky":false,"template":"","format":"standard","meta":{"footnotes":""},"categories":[477,597,476,7541],"tags":[9867],"class_list":["post-57721","post","type-post","status-publish","format-standard","has-post-thumbnail","","category-noticias-edulcorantes","category-cinta-de-noticias","category-locales","category-ultimas-noticias","tag-delegacion-parlamentaria-checa-reitera-su-apoyo-a-siria"],"_links":{"self":[{"href":"https:\/\/archive.sana.sy\/es\/index.php?rest_route=\/wp\/v2\/posts\/57721"}],"collection":[{"href":"https:\/\/archive.sana.sy\/es\/index.php?rest_route=\/wp\/v2\/posts"}],"about":[{"href":"https:\/\/archive.sana.sy\/es\/index.php?rest_route=\/wp\/v2\/types\/post"}],"author":[{"embeddable":true,"href":"https:\/\/archive.sana.sy\/es\/index.php?rest_route=\/wp\/v2\/users\/1"}],"replies":[{"embeddable":true,"href":"https:\/\/archive.sana.sy\/es\/index.php?rest_route=%2Fwp%2Fv2%2Fcomments&post=57721"}],"version-history":[{"count":0,"href":"https:\/\/archive.sana.sy\/es\/index.php?rest_route=\/wp\/v2\/posts\/57721\/revisions"}],"wp:featuredmedia":[{"embeddable":true,"href":"https:\/\/archive.sana.sy\/es\/index.php?rest_route=\/wp\/v2\/media\/57722"}],"wp:attachment":[{"href":"https:\/\/archive.sana.sy\/es\/index.php?rest_route=%2Fwp%2Fv2%2Fmedia&parent=57721"}],"wp:term":[{"taxonomy":"category","embeddable":true,"href":"https:\/\/archive.sana.sy\/es\/index.php?rest_route=%2Fwp%2Fv2%2Fcategories&post=57721"},{"taxonomy":"post_tag","embeddable":true,"href":"https:\/\/archive.sana.sy\/es\/index.php?rest_route=%2Fwp%2Fv2%2Ftags&post=57721"}],"curies":[{"name":"wp","href":"https:\/\/api.w.org\/{rel}","templated":true}]}}