{"id":5816,"date":"2014-07-29T12:30:59","date_gmt":"2014-07-29T09:30:59","guid":{"rendered":"http:\/\/www.sana.sy\/es\/?p=5816"},"modified":"2014-07-29T16:10:54","modified_gmt":"2014-07-29T13:10:54","slug":"estudiantes-sirios-en-cuba-ratifican-apoyo-a-la-patria","status":"publish","type":"post","link":"https:\/\/archive.sana.sy\/es\/?p=5816","title":{"rendered":"Estudiantes sirios en Cuba ratifican apoyo a la patria"},"content":{"rendered":"<div>La Habana, SANA<\/div>\n<div><\/div>\n<div><span lang=\"ES\" style=\"color: black\">Los estudiantes sirios en Cuba ratificaron su apoyo a la madre patria frente a la conspiraci\u00f3n universal urdida en su contra.<\/span><\/div>\n<div><span lang=\"ES\" style=\"color: black\">\u00a0<\/span><\/div>\n<div><span lang=\"ES\" style=\"color: black\">Con motivo de Eid al-Fter, la rama de la Uni\u00f3n de Estudiantes Sirios en Cuba emiti\u00f3 un comunicado en el que denunci\u00f3 en\u00e9rgicamente las acciones terroristas cometidas por los grupos terroristas en Siria, exigiendo a la comunidad internacional que presione a los pa\u00edses que secundan al terrorismo para que dejen de esa actitud. <\/span><\/div>\n<div dir=\"rtl\"><span lang=\"AR-SY\" style=\"color: black\">\u00a0<\/span><\/div>\n<div><span lang=\"ES\" style=\"color: black\">Los estudiantes sirios expresaron su alto aprecio y respeto al Ej\u00e9rcito \u00c1rabe Sirio que vigila por la seguridad del pa\u00eds, ratificando su confianza en su capacidad y la del liderazgo sirio a erradicar el terrorismo y llevar a Siria a buen puerto.<\/span><\/div>\n<div><\/div>\n<div>Lynn A., Fady M.<\/div>\n","protected":false},"excerpt":{"rendered":"<p>La Habana, SANA Los estudiantes sirios en Cuba ratificaron su apoyo a la madre patria frente a la conspiraci\u00f3n universal urdida en su contra. \u00a0 Con motivo de Eid al-Fter, la rama de la Uni\u00f3n de Estudiantes Sirios en Cuba emiti\u00f3 un comunicado en el que denunci\u00f3 en\u00e9rgicamente las acciones terroristas cometidas por los grupos &hellip;<\/p>\n","protected":false},"author":24,"featured_media":5817,"comment_status":"closed","ping_status":"closed","sticky":false,"template":"","format":"standard","meta":{"footnotes":""},"categories":[1],"tags":[1321],"class_list":["post-5816","post","type-post","status-publish","format-standard","has-post-thumbnail","","category-news-not-sorted","tag-estudiantes-sirios-en-cuba-ratifican-apoyo-a-la-patria"],"_links":{"self":[{"href":"https:\/\/archive.sana.sy\/es\/index.php?rest_route=\/wp\/v2\/posts\/5816"}],"collection":[{"href":"https:\/\/archive.sana.sy\/es\/index.php?rest_route=\/wp\/v2\/posts"}],"about":[{"href":"https:\/\/archive.sana.sy\/es\/index.php?rest_route=\/wp\/v2\/types\/post"}],"author":[{"embeddable":true,"href":"https:\/\/archive.sana.sy\/es\/index.php?rest_route=\/wp\/v2\/users\/24"}],"replies":[{"embeddable":true,"href":"https:\/\/archive.sana.sy\/es\/index.php?rest_route=%2Fwp%2Fv2%2Fcomments&post=5816"}],"version-history":[{"count":0,"href":"https:\/\/archive.sana.sy\/es\/index.php?rest_route=\/wp\/v2\/posts\/5816\/revisions"}],"wp:featuredmedia":[{"embeddable":true,"href":"https:\/\/archive.sana.sy\/es\/index.php?rest_route=\/wp\/v2\/media\/5817"}],"wp:attachment":[{"href":"https:\/\/archive.sana.sy\/es\/index.php?rest_route=%2Fwp%2Fv2%2Fmedia&parent=5816"}],"wp:term":[{"taxonomy":"category","embeddable":true,"href":"https:\/\/archive.sana.sy\/es\/index.php?rest_route=%2Fwp%2Fv2%2Fcategories&post=5816"},{"taxonomy":"post_tag","embeddable":true,"href":"https:\/\/archive.sana.sy\/es\/index.php?rest_route=%2Fwp%2Fv2%2Ftags&post=5816"}],"curies":[{"name":"wp","href":"https:\/\/api.w.org\/{rel}","templated":true}]}}