{"id":5946,"date":"2014-07-30T23:58:35","date_gmt":"2014-07-30T20:58:35","guid":{"rendered":"http:\/\/www.sana.sy\/es\/?p=5946"},"modified":"2014-07-30T23:45:31","modified_gmt":"2014-07-30T20:45:31","slug":"iran-la-entidad-sionista-fue-demasiado-lejos-en-sus-masacres-y-asesinatos-de-ninos-y-mujeres-gaza","status":"publish","type":"post","link":"https:\/\/archive.sana.sy\/es\/?p=5946","title":{"rendered":"Ir\u00e1n: la entidad sionista fue demasiado lejos en sus masacres y asesinatos de ni\u00f1os y mujeres Gaza"},"content":{"rendered":"<p style=\"text-align: justify\"><span style=\"color: #800000\">Teher\u00e1n &#8211; SANA <\/span><\/p>\n<p style=\"text-align: justify\">El ministro de Relaciones Exteriores iran\u00ed, Mohammad Javad Zarif, confirm\u00f3 la necesidad de ejercer una presi\u00f3n eficaz sobre la entidad sionista con el fin de detener la b\u00e1rbara agresi\u00f3n contra el pueblo palestino desarmado.<\/p>\n<p style=\"text-align: justify\">En una conversaci\u00f3n telef\u00f3nica con su hom\u00f3logo malasio, Hanifa Aman, Zarif hizo hincapi\u00e9 en que la escala monstruosa de cr\u00edmenes sionistas, la matanza de ni\u00f1os y mujeres han provocado la ira y la denuncia de la opini\u00f3n p\u00fablica internacional, afirmando la importancia de la movilizaci\u00f3n mundial, en particular el mundo isl\u00e1mico, para ayudar a los residentes de Gaza.<\/p>\n<p style=\"text-align: justify\">Ambas partes reafirmaron la necesidad de ayudar a los residentes de la Franja de Gaza y enviarles alimentos, para evitar un desastre humanitario.<\/p>\n<p style=\"text-align: justify\">El Miembro de la Comisi\u00f3n de Seguridad Nacional y el Consejo de la Shura iran\u00ed de Relaciones Exteriores, Vahid Ahmadi, critic\u00f3 el silencio de muchos pa\u00edses del mundo sobre la masacre contra pueblo palestino desarmado.<\/p>\n<p style=\"text-align: justify\">Se\u00f1al\u00f3 que la resistencia en Palestina ante de la barbarie sionista oblig\u00f3 al Secretario General de la ONU, el Secretario de Estado y Ministro de Relaciones Exteriores de Francia, para ir a Egipto, para evitar una nueva derrota de los sionistas, ya que esta entidad ha sufrido repetidamente la derrota en la batalla con los combatientes de la resistencia.<\/p>\n<p style=\"text-align: justify\">Ahmadi inst\u00f3 al mundo isl\u00e1mico a unirse contra los agresores sionistas y su agresi\u00f3n contra el pueblo palestino.<\/p>\n<p style=\"text-align: justify\"><span style=\"color: #0000ff\">Ghifar Al.<\/span><\/p>\n","protected":false},"excerpt":{"rendered":"<p>Teher\u00e1n &#8211; SANA El ministro de Relaciones Exteriores iran\u00ed, Mohammad Javad Zarif, confirm\u00f3 la necesidad de ejercer una presi\u00f3n eficaz sobre la entidad sionista con el fin de detener la b\u00e1rbara agresi\u00f3n contra el pueblo palestino desarmado. En una conversaci\u00f3n telef\u00f3nica con su hom\u00f3logo malasio, Hanifa Aman, Zarif hizo hincapi\u00e9 en que la escala monstruosa &hellip;<\/p>\n","protected":false},"author":1,"featured_media":5947,"comment_status":"closed","ping_status":"closed","sticky":false,"template":"","format":"standard","meta":{"footnotes":""},"categories":[597,456,457,576],"tags":[1344],"class_list":["post-5946","post","type-post","status-publish","format-standard","has-post-thumbnail","","category-cinta-de-noticias","category-arabe-internacional-politica","category-noticias-arabe-internacional-politica","category-noticias-politicas","tag-iran-la-entidad-sionista-fue-demasiado-lejos-en-sus-masacres-y-asesinatos-de-ninos-y-mujeres-gaza"],"_links":{"self":[{"href":"https:\/\/archive.sana.sy\/es\/index.php?rest_route=\/wp\/v2\/posts\/5946"}],"collection":[{"href":"https:\/\/archive.sana.sy\/es\/index.php?rest_route=\/wp\/v2\/posts"}],"about":[{"href":"https:\/\/archive.sana.sy\/es\/index.php?rest_route=\/wp\/v2\/types\/post"}],"author":[{"embeddable":true,"href":"https:\/\/archive.sana.sy\/es\/index.php?rest_route=\/wp\/v2\/users\/1"}],"replies":[{"embeddable":true,"href":"https:\/\/archive.sana.sy\/es\/index.php?rest_route=%2Fwp%2Fv2%2Fcomments&post=5946"}],"version-history":[{"count":0,"href":"https:\/\/archive.sana.sy\/es\/index.php?rest_route=\/wp\/v2\/posts\/5946\/revisions"}],"wp:featuredmedia":[{"embeddable":true,"href":"https:\/\/archive.sana.sy\/es\/index.php?rest_route=\/wp\/v2\/media\/5947"}],"wp:attachment":[{"href":"https:\/\/archive.sana.sy\/es\/index.php?rest_route=%2Fwp%2Fv2%2Fmedia&parent=5946"}],"wp:term":[{"taxonomy":"category","embeddable":true,"href":"https:\/\/archive.sana.sy\/es\/index.php?rest_route=%2Fwp%2Fv2%2Fcategories&post=5946"},{"taxonomy":"post_tag","embeddable":true,"href":"https:\/\/archive.sana.sy\/es\/index.php?rest_route=%2Fwp%2Fv2%2Ftags&post=5946"}],"curies":[{"name":"wp","href":"https:\/\/api.w.org\/{rel}","templated":true}]}}