{"id":59582,"date":"2017-01-17T19:12:08","date_gmt":"2017-01-17T17:12:08","guid":{"rendered":"http:\/\/www.sana.sy\/es\/?p=59582"},"modified":"2017-01-17T19:12:08","modified_gmt":"2017-01-17T17:12:08","slug":"gobernador-de-deir-ezzor-desmiente-haber-sido-herido-en-ataques-lanzados-por-terroristas-del-ei-contra-la-ciudad","status":"publish","type":"post","link":"https:\/\/archive.sana.sy\/es\/?p=59582","title":{"rendered":"Gobernador de Deir Ezzor desmiente haber sido herido en ataques lanzados por terroristas del EI contra la ciudad"},"content":{"rendered":"<p><span style=\"color: #800000\">Deir Ezzor, SANA<\/span><\/p>\n<p>El gobernador de Deir Ezzor, Mohamad Ibrahim Samra, declar\u00f3 que unidades del ej\u00e9rcito sirio en colaboraci\u00f3n con las fuerzas de respaldo, lograron infligir colosales bajas entre las filas de los terroristas del Estado Isl\u00e1mico en todos los ejes, y enfatiz\u00f3 que los sirios no tienen otra alternativa que vencer esta organizaci\u00f3n takfiri y sus patrocinadores.<\/p>\n<p>En otro contexto, el gobernador desminti\u00f3 haber sido lesionado en\u00a0el bombardeo lanzado por los terroristas del EI contra\u00a0la ciudad de Deir Ezzor, criticando que tales noticias van en el marco de la guerra medi\u00e1tica desatada contra el pueblo sirio.<\/p>\n<p>Asegur\u00f3 que la gobernaci\u00f3n de Deir Ezzor sigue prestando los servicios a los residentes de la ciudad para fortalecer su resistencia al bloque impuesto por los terroristas del EI.<\/p>\n<p>Durante las \u00faltimas 48 horas, el ej\u00e9rcito sirio, apoyado por la aviaci\u00f3n militar, logr\u00f3 acabar con decenas de mercenarios del EI en la entrada de la ciudad de Deir Ezzor y en la carretera del aeropuerto.<\/p>\n<p>&nbsp;<br \/>\nLynn A.<\/p>\n","protected":false},"excerpt":{"rendered":"<p>Deir Ezzor, SANA El gobernador de Deir Ezzor, Mohamad Ibrahim Samra, declar\u00f3 que unidades del ej\u00e9rcito sirio en colaboraci\u00f3n con las fuerzas de respaldo, lograron infligir colosales bajas entre las filas de los terroristas del Estado Isl\u00e1mico en todos los ejes, y enfatiz\u00f3 que los sirios no tienen otra alternativa que vencer esta organizaci\u00f3n takfiri &hellip;<\/p>\n","protected":false},"author":24,"featured_media":59583,"comment_status":"closed","ping_status":"closed","sticky":false,"template":"","format":"standard","meta":{"footnotes":""},"categories":[476,7541],"tags":[],"class_list":["post-59582","post","type-post","status-publish","format-standard","has-post-thumbnail","","category-locales","category-ultimas-noticias"],"_links":{"self":[{"href":"https:\/\/archive.sana.sy\/es\/index.php?rest_route=\/wp\/v2\/posts\/59582"}],"collection":[{"href":"https:\/\/archive.sana.sy\/es\/index.php?rest_route=\/wp\/v2\/posts"}],"about":[{"href":"https:\/\/archive.sana.sy\/es\/index.php?rest_route=\/wp\/v2\/types\/post"}],"author":[{"embeddable":true,"href":"https:\/\/archive.sana.sy\/es\/index.php?rest_route=\/wp\/v2\/users\/24"}],"replies":[{"embeddable":true,"href":"https:\/\/archive.sana.sy\/es\/index.php?rest_route=%2Fwp%2Fv2%2Fcomments&post=59582"}],"version-history":[{"count":0,"href":"https:\/\/archive.sana.sy\/es\/index.php?rest_route=\/wp\/v2\/posts\/59582\/revisions"}],"wp:featuredmedia":[{"embeddable":true,"href":"https:\/\/archive.sana.sy\/es\/index.php?rest_route=\/wp\/v2\/media\/59583"}],"wp:attachment":[{"href":"https:\/\/archive.sana.sy\/es\/index.php?rest_route=%2Fwp%2Fv2%2Fmedia&parent=59582"}],"wp:term":[{"taxonomy":"category","embeddable":true,"href":"https:\/\/archive.sana.sy\/es\/index.php?rest_route=%2Fwp%2Fv2%2Fcategories&post=59582"},{"taxonomy":"post_tag","embeddable":true,"href":"https:\/\/archive.sana.sy\/es\/index.php?rest_route=%2Fwp%2Fv2%2Ftags&post=59582"}],"curies":[{"name":"wp","href":"https:\/\/api.w.org\/{rel}","templated":true}]}}