{"id":59589,"date":"2017-01-17T18:13:44","date_gmt":"2017-01-17T16:13:44","guid":{"rendered":"http:\/\/www.sana.sy\/es\/?p=59589"},"modified":"2017-01-17T20:16:36","modified_gmt":"2017-01-17T18:16:36","slug":"borodavkin-la-onu-asistira-las-conversaciones-de-astana-sobre-la-crisis-siria","status":"publish","type":"post","link":"https:\/\/archive.sana.sy\/es\/?p=59589","title":{"rendered":"Borodavkin: la ONU asistir\u00e1 las conversaciones de Astan\u00e1 sobre la crisis siria"},"content":{"rendered":"<p><span style=\"color: #800000\">Mosc\u00fa, SANA<\/span><\/p>\n<p>El embajador de Rusia ante la ONU en Ginebra, Alexi Borodavkin, se\u00f1al\u00f3 que las conversaciones de Astan\u00e1 sobre la crisis siria contar\u00e1n con la asistencia de las Naciones Unidas.<\/p>\n<p>En declaraciones a la agencia Interfax, el alto diplom\u00e1tico ruso revel\u00f3 que la legaci\u00f3n rusa ante la ONU dirigi\u00f3 una invitaci\u00f3n a la oficina del enviado especial de la ONU para Siria, Staffan de Mistura, para acudir a\u00a0las conversaciones de Astan\u00e1, y se decidi\u00f3 que su asesor, Ramzy Ezzedin, es el que va a dirigirse\u00a0a\u00a0las mismas.<\/p>\n<p>Confirm\u00f3 que el 8 de febrero permanecer\u00e1\u00a0como fecha para reanudar el di\u00e1logo intersirio en Ginebra, acotando que las conversaciones de Astan\u00e1 constituyen un paso importante para retomar el di\u00e1logo sirio-sirio bajo el auspicio de la ONU.<\/p>\n<p>&nbsp;<br \/>\nLynn A.<\/p>\n","protected":false},"excerpt":{"rendered":"<p>Mosc\u00fa, SANA El embajador de Rusia ante la ONU en Ginebra, Alexi Borodavkin, se\u00f1al\u00f3 que las conversaciones de Astan\u00e1 sobre la crisis siria contar\u00e1n con la asistencia de las Naciones Unidas. En declaraciones a la agencia Interfax, el alto diplom\u00e1tico ruso revel\u00f3 que la legaci\u00f3n rusa ante la ONU dirigi\u00f3 una invitaci\u00f3n a la oficina &hellip;<\/p>\n","protected":false},"author":24,"featured_media":40372,"comment_status":"closed","ping_status":"closed","sticky":false,"template":"","format":"standard","meta":{"footnotes":""},"categories":[467,7541],"tags":[],"class_list":["post-59589","post","type-post","status-publish","format-standard","has-post-thumbnail","","category-siria-y-el-mundo","category-ultimas-noticias"],"_links":{"self":[{"href":"https:\/\/archive.sana.sy\/es\/index.php?rest_route=\/wp\/v2\/posts\/59589"}],"collection":[{"href":"https:\/\/archive.sana.sy\/es\/index.php?rest_route=\/wp\/v2\/posts"}],"about":[{"href":"https:\/\/archive.sana.sy\/es\/index.php?rest_route=\/wp\/v2\/types\/post"}],"author":[{"embeddable":true,"href":"https:\/\/archive.sana.sy\/es\/index.php?rest_route=\/wp\/v2\/users\/24"}],"replies":[{"embeddable":true,"href":"https:\/\/archive.sana.sy\/es\/index.php?rest_route=%2Fwp%2Fv2%2Fcomments&post=59589"}],"version-history":[{"count":0,"href":"https:\/\/archive.sana.sy\/es\/index.php?rest_route=\/wp\/v2\/posts\/59589\/revisions"}],"wp:featuredmedia":[{"embeddable":true,"href":"https:\/\/archive.sana.sy\/es\/index.php?rest_route=\/wp\/v2\/media\/40372"}],"wp:attachment":[{"href":"https:\/\/archive.sana.sy\/es\/index.php?rest_route=%2Fwp%2Fv2%2Fmedia&parent=59589"}],"wp:term":[{"taxonomy":"category","embeddable":true,"href":"https:\/\/archive.sana.sy\/es\/index.php?rest_route=%2Fwp%2Fv2%2Fcategories&post=59589"},{"taxonomy":"post_tag","embeddable":true,"href":"https:\/\/archive.sana.sy\/es\/index.php?rest_route=%2Fwp%2Fv2%2Ftags&post=59589"}],"curies":[{"name":"wp","href":"https:\/\/api.w.org\/{rel}","templated":true}]}}