{"id":59603,"date":"2017-01-18T10:25:49","date_gmt":"2017-01-18T08:25:49","guid":{"rendered":"http:\/\/www.sana.sy\/es\/?p=59603"},"modified":"2017-01-18T18:43:33","modified_gmt":"2017-01-18T16:43:33","slug":"churkin-el-cese-de-hostilidades-en-siria-sera-el-tema-principal-de-las-conversaciones-en-astana","status":"publish","type":"post","link":"https:\/\/archive.sana.sy\/es\/?p=59603","title":{"rendered":"Churkin: el cese de hostilidades en Siria ser\u00e1 el tema principal de las conversaciones en Astana"},"content":{"rendered":"<p><span style=\"color: #800000\">Nueva York, SANA<\/span><\/p>\n<p>El representante permanente de Rusia ante las Naciones Unidas, Vitaly Churkin, afirm\u00f3 que la promoci\u00f3n del cese el fuego en Siria ser\u00eda el tema principal de las conversaciones inter-sirias que se celebrar\u00e1n en Astana el d\u00eda 23 de este mes.<\/p>\n<p>En un discurso pronunciado en una reuni\u00f3n del Consejo de Seguridad de las Naciones Unidas dedicada a la situaci\u00f3n en Medio Oriente, Churkin dijo: &#8220;La participaci\u00f3n de las fuerzas influyentes sobre el terreno en Siria en el proceso de negociaci\u00f3n tiene como objetivo crear las condiciones adecuadas para promover el cese el fuego y eso ser\u00e1 el principal tema de las discusiones&#8221;.<\/p>\n<p>El diplom\u00e1tico ruso hizo alusi\u00f3n a la posibilidad de que en la reuni\u00f3n se aborden otras cuestiones importantes, como reforzar la confianza y mejorar la prestaci\u00f3n de ayuda humanitaria&#8221;.<\/p>\n<p>Seg\u00fan Churkin, la celebraci\u00f3n de las conversaciones de Astana abre nuevas perspectivas para resolver la crisis por medios pol\u00edticos.<\/p>\n<p>Mientras tanto, el embajador ruso en la ONU reiter\u00f3 el llamado de su pa\u00eds a las Naciones Unidas para participar en las conversaciones de Astana como observador y supervisor de los contactos entre las partes de Siria.<\/p>\n<p>&nbsp;<\/p>\n<p>Fady M., Lynn A.<\/p>\n","protected":false},"excerpt":{"rendered":"<p>Nueva York, SANA El representante permanente de Rusia ante las Naciones Unidas, Vitaly Churkin, afirm\u00f3 que la promoci\u00f3n del cese el fuego en Siria ser\u00eda el tema principal de las conversaciones inter-sirias que se celebrar\u00e1n en Astana el d\u00eda 23 de este mes. En un discurso pronunciado en una reuni\u00f3n del Consejo de Seguridad de &hellip;<\/p>\n","protected":false},"author":24,"featured_media":41245,"comment_status":"closed","ping_status":"closed","sticky":false,"template":"","format":"standard","meta":{"footnotes":""},"categories":[467,7541],"tags":[],"class_list":["post-59603","post","type-post","status-publish","format-standard","has-post-thumbnail","","category-siria-y-el-mundo","category-ultimas-noticias"],"_links":{"self":[{"href":"https:\/\/archive.sana.sy\/es\/index.php?rest_route=\/wp\/v2\/posts\/59603"}],"collection":[{"href":"https:\/\/archive.sana.sy\/es\/index.php?rest_route=\/wp\/v2\/posts"}],"about":[{"href":"https:\/\/archive.sana.sy\/es\/index.php?rest_route=\/wp\/v2\/types\/post"}],"author":[{"embeddable":true,"href":"https:\/\/archive.sana.sy\/es\/index.php?rest_route=\/wp\/v2\/users\/24"}],"replies":[{"embeddable":true,"href":"https:\/\/archive.sana.sy\/es\/index.php?rest_route=%2Fwp%2Fv2%2Fcomments&post=59603"}],"version-history":[{"count":0,"href":"https:\/\/archive.sana.sy\/es\/index.php?rest_route=\/wp\/v2\/posts\/59603\/revisions"}],"wp:featuredmedia":[{"embeddable":true,"href":"https:\/\/archive.sana.sy\/es\/index.php?rest_route=\/wp\/v2\/media\/41245"}],"wp:attachment":[{"href":"https:\/\/archive.sana.sy\/es\/index.php?rest_route=%2Fwp%2Fv2%2Fmedia&parent=59603"}],"wp:term":[{"taxonomy":"category","embeddable":true,"href":"https:\/\/archive.sana.sy\/es\/index.php?rest_route=%2Fwp%2Fv2%2Fcategories&post=59603"},{"taxonomy":"post_tag","embeddable":true,"href":"https:\/\/archive.sana.sy\/es\/index.php?rest_route=%2Fwp%2Fv2%2Ftags&post=59603"}],"curies":[{"name":"wp","href":"https:\/\/api.w.org\/{rel}","templated":true}]}}