{"id":59610,"date":"2017-01-18T13:00:33","date_gmt":"2017-01-18T11:00:33","guid":{"rendered":"http:\/\/www.sana.sy\/es\/?p=59610"},"modified":"2017-01-18T16:41:43","modified_gmt":"2017-01-18T14:41:43","slug":"ocho-civiles-resultan-heridos-en-bombardeos-terroristas-contra-el-poblado-de-foa-en-idleb","status":"publish","type":"post","link":"https:\/\/archive.sana.sy\/es\/?p=59610","title":{"rendered":"Ocho civiles resultan heridos en bombardeos terroristas contra el poblado de Foa en Idleb"},"content":{"rendered":"<p><span style=\"color: #800000\">Idleb, SANA<\/span><\/p>\n<p>Fuentes civiles informaron este mi\u00e9rcoles que el poblado de Foa en el campo de la provincia septentrional de Idleb ha vuelto a ser bombardeado con cohetes por parte de los grupos terroristas del denominado &#8220;Ej\u00e9rcito de Conquista&#8221;, una formaci\u00f3n liderada por el Frente al Nousra.<\/p>\n<p>Seg\u00fan las fuentes, ocho civiles, entre ellos una menor, resultaron heridos en el bombardeo que se produjo en la ma\u00f1ana de este mi\u00e9rcoles.<\/p>\n<p>Los ataques provocaron adem\u00e1s da\u00f1os materiales en las propiedades de los ciudadanos.<br \/>\nLas localidades de Kafareya y Foa se encuentran asediadas por los terroristas del Frente al Nousra desde hace m\u00e1s de tres a\u00f1os.<\/p>\n<p>M\u00e1s de dos mil pobladores de ambas localidades perdieron la vida a consecuencia de los ataques diarios con cohetes y morteros.<\/p>\n<p>&nbsp;<br \/>\nFady M., Lynn A.<\/p>\n","protected":false},"excerpt":{"rendered":"<p>Idleb, SANA Fuentes civiles informaron este mi\u00e9rcoles que el poblado de Foa en el campo de la provincia septentrional de Idleb ha vuelto a ser bombardeado con cohetes por parte de los grupos terroristas del denominado &#8220;Ej\u00e9rcito de Conquista&#8221;, una formaci\u00f3n liderada por el Frente al Nousra. Seg\u00fan las fuentes, ocho civiles, entre ellos una &hellip;<\/p>\n","protected":false},"author":24,"featured_media":59611,"comment_status":"closed","ping_status":"closed","sticky":false,"template":"","format":"standard","meta":{"footnotes":""},"categories":[597,573,7541],"tags":[],"class_list":["post-59610","post","type-post","status-publish","format-standard","has-post-thumbnail","","category-cinta-de-noticias","category-la-realidad-de-los-acontecimientos-en-siria","category-ultimas-noticias"],"_links":{"self":[{"href":"https:\/\/archive.sana.sy\/es\/index.php?rest_route=\/wp\/v2\/posts\/59610"}],"collection":[{"href":"https:\/\/archive.sana.sy\/es\/index.php?rest_route=\/wp\/v2\/posts"}],"about":[{"href":"https:\/\/archive.sana.sy\/es\/index.php?rest_route=\/wp\/v2\/types\/post"}],"author":[{"embeddable":true,"href":"https:\/\/archive.sana.sy\/es\/index.php?rest_route=\/wp\/v2\/users\/24"}],"replies":[{"embeddable":true,"href":"https:\/\/archive.sana.sy\/es\/index.php?rest_route=%2Fwp%2Fv2%2Fcomments&post=59610"}],"version-history":[{"count":0,"href":"https:\/\/archive.sana.sy\/es\/index.php?rest_route=\/wp\/v2\/posts\/59610\/revisions"}],"wp:featuredmedia":[{"embeddable":true,"href":"https:\/\/archive.sana.sy\/es\/index.php?rest_route=\/wp\/v2\/media\/59611"}],"wp:attachment":[{"href":"https:\/\/archive.sana.sy\/es\/index.php?rest_route=%2Fwp%2Fv2%2Fmedia&parent=59610"}],"wp:term":[{"taxonomy":"category","embeddable":true,"href":"https:\/\/archive.sana.sy\/es\/index.php?rest_route=%2Fwp%2Fv2%2Fcategories&post=59610"},{"taxonomy":"post_tag","embeddable":true,"href":"https:\/\/archive.sana.sy\/es\/index.php?rest_route=%2Fwp%2Fv2%2Ftags&post=59610"}],"curies":[{"name":"wp","href":"https:\/\/api.w.org\/{rel}","templated":true}]}}