{"id":59641,"date":"2017-01-17T19:45:39","date_gmt":"2017-01-17T17:45:39","guid":{"rendered":"http:\/\/www.sana.sy\/es\/?p=59641"},"modified":"2017-01-18T19:49:54","modified_gmt":"2017-01-18T17:49:54","slug":"comite-politico-sirio-irani-mixto-aborda-desarrollo-de-la-situacion-en-siria-a-la-luz-de-los-avances-del-ejercito-sirio","status":"publish","type":"post","link":"https:\/\/archive.sana.sy\/es\/?p=59641","title":{"rendered":"Comit\u00e9 Pol\u00edtico sirio-iran\u00ed mixto aborda desarrollo de la situaci\u00f3n en Siria a la luz de los avances del ej\u00e9rcito sirio"},"content":{"rendered":"<p><span style=\"color: #800000\">Teher\u00e1n, SANA<\/span><\/p>\n<p>El Comit\u00e9 Pol\u00edtico sirio-iran\u00ed mixto sostuvo sus sesiones peri\u00f3dicas en la sede de la Canciller\u00eda iran\u00ed, encabezado por el vicecanciller sirio, Faisal al-Miqdad y su hom\u00f3logo iran\u00ed, Hossein Yabiri Ansari.<\/p>\n<p>En la reuni\u00f3n, abord\u00f3 los \u00faltimos acontecimientos a nivel regional a la luz de la victoria del ej\u00e9rcito sirio y sus aliados sobre el terrorismo en Alepo.<\/p>\n<p>Los presentes enfatizaron que la victoria de Siria es una victoria hist\u00f3rica para todo el eje de Resistencia, as\u00ed como pasaron revista a los preparativos de las conversaciones intersirias de Astan\u00e1 previstas en\u00a0el 23 del mes en curso.<\/p>\n<p>Asimismo destacaron la importancia de la coordinaci\u00f3n binacional en las \u00e1reas pol\u00edticas y econ\u00f3micas, lo que servir\u00e1 los intereses de ambos pueblos.<\/p>\n<p>&nbsp;<br \/>\nLynn A.<\/p>\n","protected":false},"excerpt":{"rendered":"<p>Teher\u00e1n, SANA El Comit\u00e9 Pol\u00edtico sirio-iran\u00ed mixto sostuvo sus sesiones peri\u00f3dicas en la sede de la Canciller\u00eda iran\u00ed, encabezado por el vicecanciller sirio, Faisal al-Miqdad y su hom\u00f3logo iran\u00ed, Hossein Yabiri Ansari. En la reuni\u00f3n, abord\u00f3 los \u00faltimos acontecimientos a nivel regional a la luz de la victoria del ej\u00e9rcito sirio y sus aliados sobre &hellip;<\/p>\n","protected":false},"author":24,"featured_media":59642,"comment_status":"closed","ping_status":"closed","sticky":false,"template":"","format":"standard","meta":{"footnotes":""},"categories":[467],"tags":[],"class_list":["post-59641","post","type-post","status-publish","format-standard","has-post-thumbnail","","category-siria-y-el-mundo"],"_links":{"self":[{"href":"https:\/\/archive.sana.sy\/es\/index.php?rest_route=\/wp\/v2\/posts\/59641"}],"collection":[{"href":"https:\/\/archive.sana.sy\/es\/index.php?rest_route=\/wp\/v2\/posts"}],"about":[{"href":"https:\/\/archive.sana.sy\/es\/index.php?rest_route=\/wp\/v2\/types\/post"}],"author":[{"embeddable":true,"href":"https:\/\/archive.sana.sy\/es\/index.php?rest_route=\/wp\/v2\/users\/24"}],"replies":[{"embeddable":true,"href":"https:\/\/archive.sana.sy\/es\/index.php?rest_route=%2Fwp%2Fv2%2Fcomments&post=59641"}],"version-history":[{"count":0,"href":"https:\/\/archive.sana.sy\/es\/index.php?rest_route=\/wp\/v2\/posts\/59641\/revisions"}],"wp:featuredmedia":[{"embeddable":true,"href":"https:\/\/archive.sana.sy\/es\/index.php?rest_route=\/wp\/v2\/media\/59642"}],"wp:attachment":[{"href":"https:\/\/archive.sana.sy\/es\/index.php?rest_route=%2Fwp%2Fv2%2Fmedia&parent=59641"}],"wp:term":[{"taxonomy":"category","embeddable":true,"href":"https:\/\/archive.sana.sy\/es\/index.php?rest_route=%2Fwp%2Fv2%2Fcategories&post=59641"},{"taxonomy":"post_tag","embeddable":true,"href":"https:\/\/archive.sana.sy\/es\/index.php?rest_route=%2Fwp%2Fv2%2Ftags&post=59641"}],"curies":[{"name":"wp","href":"https:\/\/api.w.org\/{rel}","templated":true}]}}