{"id":5983,"date":"2014-07-31T17:04:33","date_gmt":"2014-07-31T14:04:33","guid":{"rendered":"http:\/\/www.sana.sy\/es\/?p=5983"},"modified":"2014-07-31T19:08:51","modified_gmt":"2014-07-31T16:08:51","slug":"bolivia-declara-a-israel-un-estado-terrorista","status":"publish","type":"post","link":"https:\/\/archive.sana.sy\/es\/?p=5983","title":{"rendered":"Bolivia declara a Israel un &#8220;estado terrorista&#8221;"},"content":{"rendered":"<p style=\"text-align: justify\"><span style=\"color: #800000\">La Paz &#8211; SANA<\/span><\/p>\n<p style=\"text-align: justify\">\nBolivia ha puesto a Israel en su lista de \u201cestados terroristas\u201d como protesta por la agresi\u00f3n israel\u00ed contra la Franja de Gaza.<\/p>\n<p style=\"text-align: justify\">As\u00ed lo afirm\u00f3 el presidente de Bolivia, Evo Morales, se\u00f1alando que la agresi\u00f3n contra Gaza demuestra que Israel hace caso omiso de los principios de convivencia y respeto de los derechos humanos y las libertades fundamentales.<\/p>\n<p style=\"text-align: justify\">Cabe recordar que Bolivia y otros pa\u00edses latinoamericanos, entre ellos Venezuela y Cuba, rompieron relaciones diplom\u00e1ticas con Tel Aviv en 2009, en protesta por la agresi\u00f3n israel\u00ed contra el pueblo palestino.<\/p>\n<p style=\"text-align: justify\"><span style=\"color: #0000ff\">Ghifar Al., Riyad Sh.<\/span><\/p>\n","protected":false},"excerpt":{"rendered":"<p>La Paz &#8211; SANA Bolivia ha puesto a Israel en su lista de \u201cestados terroristas\u201d como protesta por la agresi\u00f3n israel\u00ed contra la Franja de Gaza. As\u00ed lo afirm\u00f3 el presidente de Bolivia, Evo Morales, se\u00f1alando que la agresi\u00f3n contra Gaza demuestra que Israel hace caso omiso de los principios de convivencia y respeto de &hellip;<\/p>\n","protected":false},"author":1,"featured_media":5984,"comment_status":"closed","ping_status":"closed","sticky":false,"template":"","format":"standard","meta":{"footnotes":""},"categories":[597,456,457,576],"tags":[1354],"class_list":["post-5983","post","type-post","status-publish","format-standard","has-post-thumbnail","","category-cinta-de-noticias","category-arabe-internacional-politica","category-noticias-arabe-internacional-politica","category-noticias-politicas","tag-bolivia-declara-a-israel-un-estado-terrorista"],"_links":{"self":[{"href":"https:\/\/archive.sana.sy\/es\/index.php?rest_route=\/wp\/v2\/posts\/5983"}],"collection":[{"href":"https:\/\/archive.sana.sy\/es\/index.php?rest_route=\/wp\/v2\/posts"}],"about":[{"href":"https:\/\/archive.sana.sy\/es\/index.php?rest_route=\/wp\/v2\/types\/post"}],"author":[{"embeddable":true,"href":"https:\/\/archive.sana.sy\/es\/index.php?rest_route=\/wp\/v2\/users\/1"}],"replies":[{"embeddable":true,"href":"https:\/\/archive.sana.sy\/es\/index.php?rest_route=%2Fwp%2Fv2%2Fcomments&post=5983"}],"version-history":[{"count":0,"href":"https:\/\/archive.sana.sy\/es\/index.php?rest_route=\/wp\/v2\/posts\/5983\/revisions"}],"wp:featuredmedia":[{"embeddable":true,"href":"https:\/\/archive.sana.sy\/es\/index.php?rest_route=\/wp\/v2\/media\/5984"}],"wp:attachment":[{"href":"https:\/\/archive.sana.sy\/es\/index.php?rest_route=%2Fwp%2Fv2%2Fmedia&parent=5983"}],"wp:term":[{"taxonomy":"category","embeddable":true,"href":"https:\/\/archive.sana.sy\/es\/index.php?rest_route=%2Fwp%2Fv2%2Fcategories&post=5983"},{"taxonomy":"post_tag","embeddable":true,"href":"https:\/\/archive.sana.sy\/es\/index.php?rest_route=%2Fwp%2Fv2%2Ftags&post=5983"}],"curies":[{"name":"wp","href":"https:\/\/api.w.org\/{rel}","templated":true}]}}