{"id":59843,"date":"2017-01-23T18:28:40","date_gmt":"2017-01-23T16:28:40","guid":{"rendered":"http:\/\/www.sana.sy\/es\/?p=59843"},"modified":"2017-01-23T20:02:37","modified_gmt":"2017-01-23T18:02:37","slug":"ffaa-retoman-una-colina-estrategica-en-la-zona-de-maqaber-en-dier-ezzor-y-elimina-a-decenas-de-terroristas-del-frente-al-nusra-en-homs","status":"publish","type":"post","link":"https:\/\/archive.sana.sy\/es\/?p=59843","title":{"rendered":"FFAA retoman una colina estrat\u00e9gica en la zona de Maqaber en Dier Ezzor y elimina a decenas de terroristas del frente Al-Nusra en Homs"},"content":{"rendered":"<p>Provincias-SANA<\/p>\n<p><span style=\"color: #0000ff\">Homs<\/span><\/p>\n<p>Una fuente militar ha anunciado que el Ej\u00e9rcito elimin\u00f3 a terroristas e hiri\u00f3 a otros as\u00ed como arras\u00f3 con fortines suyos en el poblado de Farhanieh y Um Sharshouh, ubicados a unos 18 km al norte de la ciudad de Homs.<\/p>\n<p><span style=\"color: #0000ff\">Dier Ezzor<\/span><\/p>\n<p>Entre tanto en la ciudad de Dier Ezzor, el corresponsal de SANA dijo que el ej\u00e9rcito, secundado por fuerzas de respaldo, realiz\u00f3 un operativo contra centros de concentraci\u00f3n de DAESH en la zona de Maqaber, en el que logr\u00f3 retomar el control de una colina estrat\u00e9gica, tras infligir colosales p\u00e9rdidas en las filas de esta organizaci\u00f3n terrorista.<\/p>\n<p>Durante el operativo, fueron confiscadas armas que estaban en posesi\u00f3n de los terroristas, seg\u00fan inform\u00f3 el corresponsal. Agreg\u00f3 que los zapadores desactivaron varios artefactos explosivos improvisados sembrados por terroristas.<\/p>\n<p>Se\u00f1al\u00f3 que las Fuerzas Armadas abatieron a los integrantes de un grupo terrorista que se infiltraron en la zona de Panorama, indicando que entre los terroristas perecidos figuraba un cabecilla.<\/p>\n<p>El corresponsal de SANA desminti\u00f3 noticias divulgadas por medios y sitios de terroristas sobre la toma de control de la zona de Panorama.<\/p>\n<p>Destac\u00f3 que aviones de combate sirios destruyeron un centro de mando y control de terroristas del EIIL la ciudad de Mu Hassan, dejando 12 muertos entre sus filas.<\/p>\n<p><span style=\"color: #0000ff\">Damasco-Campo<\/span><\/p>\n<p>Aviones de combate sirios atacaron hoy, un convoy de veh\u00edculos de la organizaci\u00f3n terrorista del EIIL en Damasco-Campo.<\/p>\n<p>Una fuente militar inform\u00f3 que aviones b\u00e9licos sirios arrasaron con el convoy de veh\u00edculos en la zona de Ksara Bahr en la regi\u00f3n de Qalamoun.<\/p>\n<p>Yamil K.<\/p>\n","protected":false},"excerpt":{"rendered":"<p>Provincias-SANA Homs Una fuente militar ha anunciado que el Ej\u00e9rcito elimin\u00f3 a terroristas e hiri\u00f3 a otros as\u00ed como arras\u00f3 con fortines suyos en el poblado de Farhanieh y Um Sharshouh, ubicados a unos 18 km al norte de la ciudad de Homs. Dier Ezzor Entre tanto en la ciudad de Dier Ezzor, el corresponsal &hellip;<\/p>\n","protected":false},"author":1,"featured_media":59844,"comment_status":"closed","ping_status":"closed","sticky":false,"template":"","format":"standard","meta":{"footnotes":""},"categories":[573,583],"tags":[],"class_list":["post-59843","post","type-post","status-publish","format-standard","has-post-thumbnail","","category-la-realidad-de-los-acontecimientos-en-siria","category-slide"],"_links":{"self":[{"href":"https:\/\/archive.sana.sy\/es\/index.php?rest_route=\/wp\/v2\/posts\/59843"}],"collection":[{"href":"https:\/\/archive.sana.sy\/es\/index.php?rest_route=\/wp\/v2\/posts"}],"about":[{"href":"https:\/\/archive.sana.sy\/es\/index.php?rest_route=\/wp\/v2\/types\/post"}],"author":[{"embeddable":true,"href":"https:\/\/archive.sana.sy\/es\/index.php?rest_route=\/wp\/v2\/users\/1"}],"replies":[{"embeddable":true,"href":"https:\/\/archive.sana.sy\/es\/index.php?rest_route=%2Fwp%2Fv2%2Fcomments&post=59843"}],"version-history":[{"count":0,"href":"https:\/\/archive.sana.sy\/es\/index.php?rest_route=\/wp\/v2\/posts\/59843\/revisions"}],"wp:featuredmedia":[{"embeddable":true,"href":"https:\/\/archive.sana.sy\/es\/index.php?rest_route=\/wp\/v2\/media\/59844"}],"wp:attachment":[{"href":"https:\/\/archive.sana.sy\/es\/index.php?rest_route=%2Fwp%2Fv2%2Fmedia&parent=59843"}],"wp:term":[{"taxonomy":"category","embeddable":true,"href":"https:\/\/archive.sana.sy\/es\/index.php?rest_route=%2Fwp%2Fv2%2Fcategories&post=59843"},{"taxonomy":"post_tag","embeddable":true,"href":"https:\/\/archive.sana.sy\/es\/index.php?rest_route=%2Fwp%2Fv2%2Ftags&post=59843"}],"curies":[{"name":"wp","href":"https:\/\/api.w.org\/{rel}","templated":true}]}}