{"id":5987,"date":"2014-07-31T17:47:23","date_gmt":"2014-07-31T14:47:23","guid":{"rendered":"http:\/\/www.sana.sy\/es\/?p=5987"},"modified":"2014-08-01T16:40:07","modified_gmt":"2014-08-01T13:40:07","slug":"martirologio-de-doce-palestinos-por-la-continua-agresion-contra-gaza-1-368-palestinos-muertos-y-mas-de-7-400-heridos-es-la-cifra-de-25-dias-de-agresion-israeli","status":"publish","type":"post","link":"https:\/\/archive.sana.sy\/es\/?p=5987","title":{"rendered":"Aumenta el n\u00famero de los m\u00e1rtires por la agresi\u00f3n contra Gaza en su d\u00eda 25"},"content":{"rendered":"<p style=\"text-align: justify\"><span style=\"color: #800000\">Gaza, SANA<\/span><\/p>\n<p style=\"text-align: justify\">Ya 25 d\u00edas han pasado y no se ha detenido la agresi\u00f3n de las fuerzas de ocupaci\u00f3n israel\u00edes contra la Franja de Gaza, tal agresi\u00f3n que se desarrolla en medio de un silencio internacional.<\/p>\n<p style=\"text-align: justify\">Durante este per\u00edodo, 1.368 palestinos murieron y m\u00e1s de 7.400 resultaron heridos. A su vez, el ej\u00e9rcito israel\u00ed tambi\u00e9n reconoci\u00f3 la muerte de unos 56 soldados en la Franja de Gaza durante todo este tiempo.<\/p>\n<p style=\"text-align: justify\">S\u00f3lo en el \u00faltimo d\u00eda, en varias zonas de la Franja de Gaza fueron asesinados 132 palestinos y heridos 400 otros por parte de los invasores israel\u00edes.<br \/>\n17 palestinos, entre ellos un periodista, fueron asesinados y m\u00e1s de 200 resultaron heridos en el bombardeo israel\u00ed del mercado en el Al-Shugaya al este de Gaza.<\/p>\n<p style=\"text-align: justify\">En el campo de refugiados de Yabaliya, al norte de Gaza, como resultado de una nueva masacre murieron 20 palestinos y decenas resultaron heridas.<\/p>\n<p style=\"text-align: justify\">El ej\u00e9rcito israel\u00ed tambi\u00e9n atac\u00f3 desde el aire tres mezquitas en la ciudad de Gaza y Rafah, causando da\u00f1os significativos a la propiedad.<\/p>\n<p style=\"text-align: justify\">Asimismo fuente m\u00e9dicas palestina informaron que 9 palestinos de una misma familia perdieron la vida y m\u00e1s de 20 resultaron heridos en una incursi\u00f3n a\u00e9rea llevada a cabo contra una casa ubicada en el campamento Nusieriat en el centro de la franja.<\/p>\n<p style=\"text-align: justify\">En respuesta a la agresi\u00f3n israel\u00ed grupos de resistencia palestinos detonaron el edificio de las fuerzas especiales del ej\u00e9rcito israel\u00ed en Al-Farahin.<\/p>\n<p style=\"text-align: justify\">Al este de la ciudad de Khan Yunes, un violento combate se produjo, durante el cual los combatientes palestinos infligieron grandes p\u00e9rdidas sustanciales en personal y equipo a las tropas invasoras.<\/p>\n<p style=\"text-align: justify\"><span style=\"color: #0000ff\">Ghifar Al., Riyad Sh.-Y.K.<\/span><\/p>\n","protected":false},"excerpt":{"rendered":"<p>Gaza, SANA Ya 25 d\u00edas han pasado y no se ha detenido la agresi\u00f3n de las fuerzas de ocupaci\u00f3n israel\u00edes contra la Franja de Gaza, tal agresi\u00f3n que se desarrolla en medio de un silencio internacional. Durante este per\u00edodo, 1.368 palestinos murieron y m\u00e1s de 7.400 resultaron heridos. A su vez, el ej\u00e9rcito israel\u00ed tambi\u00e9n &hellip;<\/p>\n","protected":false},"author":1,"featured_media":5993,"comment_status":"closed","ping_status":"closed","sticky":false,"template":"","format":"standard","meta":{"footnotes":""},"categories":[597,456,457],"tags":[1359],"class_list":["post-5987","post","type-post","status-publish","format-standard","has-post-thumbnail","","category-cinta-de-noticias","category-arabe-internacional-politica","category-noticias-arabe-internacional-politica","tag-aumenta-el-numero-de-los-martires-por-la-agresion-contra-gaza-en-su-dia-25-a-16-martires"],"_links":{"self":[{"href":"https:\/\/archive.sana.sy\/es\/index.php?rest_route=\/wp\/v2\/posts\/5987"}],"collection":[{"href":"https:\/\/archive.sana.sy\/es\/index.php?rest_route=\/wp\/v2\/posts"}],"about":[{"href":"https:\/\/archive.sana.sy\/es\/index.php?rest_route=\/wp\/v2\/types\/post"}],"author":[{"embeddable":true,"href":"https:\/\/archive.sana.sy\/es\/index.php?rest_route=\/wp\/v2\/users\/1"}],"replies":[{"embeddable":true,"href":"https:\/\/archive.sana.sy\/es\/index.php?rest_route=%2Fwp%2Fv2%2Fcomments&post=5987"}],"version-history":[{"count":0,"href":"https:\/\/archive.sana.sy\/es\/index.php?rest_route=\/wp\/v2\/posts\/5987\/revisions"}],"wp:featuredmedia":[{"embeddable":true,"href":"https:\/\/archive.sana.sy\/es\/index.php?rest_route=\/wp\/v2\/media\/5993"}],"wp:attachment":[{"href":"https:\/\/archive.sana.sy\/es\/index.php?rest_route=%2Fwp%2Fv2%2Fmedia&parent=5987"}],"wp:term":[{"taxonomy":"category","embeddable":true,"href":"https:\/\/archive.sana.sy\/es\/index.php?rest_route=%2Fwp%2Fv2%2Fcategories&post=5987"},{"taxonomy":"post_tag","embeddable":true,"href":"https:\/\/archive.sana.sy\/es\/index.php?rest_route=%2Fwp%2Fv2%2Ftags&post=5987"}],"curies":[{"name":"wp","href":"https:\/\/api.w.org\/{rel}","templated":true}]}}