{"id":59900,"date":"2017-01-24T17:08:11","date_gmt":"2017-01-24T15:08:11","guid":{"rendered":"http:\/\/www.sana.sy\/es\/?p=59900"},"modified":"2017-01-24T20:11:31","modified_gmt":"2017-01-24T18:11:31","slug":"cazas-sirios-destruyen-siete-vehiculos-del-daesh-y-elimina-a-varios-terroristas-en-deir-ezzor","status":"publish","type":"post","link":"https:\/\/archive.sana.sy\/es\/?p=59900","title":{"rendered":"Cazas sirios destruyen siete veh\u00edculos del Daesh y elimina a varios terroristas en Deir Ezzor"},"content":{"rendered":"<p><span style=\"color: #800000\">Provincias, SANA<\/span><\/p>\n<p>Los aviones de combate del ej\u00e9rcito sirio llevaron a cabo ataques contra posiciones y sedes de los terroristas del grupo takfir\u00ed Daesh en la provincia de Deir Ezzor.<\/p>\n<p>Una fuente militar declar\u00f3 que en las \u00faltimas 24 horas, los cazabombarderos del ej\u00e9rcito bombardearon a puntos fortificados del Daesh en las zonas de Makaber, Ummal, Hatlah, Ukeidat y Khesham, en la ciudad de Deir Ezzor y su campo.<\/p>\n<p>Seg\u00fan la fuente, la Fuerza A\u00e9rea destruy\u00f3 un convoy de siete veh\u00edculos en la carretera entre Deir Ezzor y Palmira, eliminando a todos los terroristas que se trasladaban en los mismos.<\/p>\n<p>Por otro lado, terroristas del Daesh dispararon decenas de cohetes contra los barrios residenciales en la ciudad de Deir Ezzor lo que caus\u00f3 lesiones a seis personas y provoc\u00f3 da\u00f1os materiales en las casas.<\/p>\n<p><span style=\"color: #0000ff\">Damasco-campo<\/span><\/p>\n<p>Asimismo, los cazas sirios lanzaron vuelos contra posiciones de terroristas en el campo noreste de Damasco.<\/p>\n<p>Los operativos causaron la muerte de decenas de terroristas y la destrucci\u00f3n de varios tanques, veh\u00edculos blindados y antitanques.<\/p>\n<p><span style=\"color: #0000ff\">Homs<\/span><\/p>\n<p>En el campo de la provincia c\u00e9ntrica de Homs, unidades militares efectuaron fuertes bombardeos contar agrupaciones de terroristas del EI afincados en el sureste de Al Matta Al Rabeaa y en la zona de Beer Al Fawaara en la direcci\u00f3n del cruce de Hayar en el campo de la ciudad de Palmira, segun declar\u00f1o una fuente militar.<\/p>\n<p>&nbsp;<\/p>\n<p>Fady M., Lynn A., M Miri.<\/p>\n","protected":false},"excerpt":{"rendered":"<p>Provincias, SANA Los aviones de combate del ej\u00e9rcito sirio llevaron a cabo ataques contra posiciones y sedes de los terroristas del grupo takfir\u00ed Daesh en la provincia de Deir Ezzor. Una fuente militar declar\u00f3 que en las \u00faltimas 24 horas, los cazabombarderos del ej\u00e9rcito bombardearon a puntos fortificados del Daesh en las zonas de Makaber, &hellip;<\/p>\n","protected":false},"author":24,"featured_media":53774,"comment_status":"closed","ping_status":"closed","sticky":false,"template":"","format":"standard","meta":{"footnotes":""},"categories":[597,573,583,7541],"tags":[],"class_list":["post-59900","post","type-post","status-publish","format-standard","has-post-thumbnail","","category-cinta-de-noticias","category-la-realidad-de-los-acontecimientos-en-siria","category-slide","category-ultimas-noticias"],"_links":{"self":[{"href":"https:\/\/archive.sana.sy\/es\/index.php?rest_route=\/wp\/v2\/posts\/59900"}],"collection":[{"href":"https:\/\/archive.sana.sy\/es\/index.php?rest_route=\/wp\/v2\/posts"}],"about":[{"href":"https:\/\/archive.sana.sy\/es\/index.php?rest_route=\/wp\/v2\/types\/post"}],"author":[{"embeddable":true,"href":"https:\/\/archive.sana.sy\/es\/index.php?rest_route=\/wp\/v2\/users\/24"}],"replies":[{"embeddable":true,"href":"https:\/\/archive.sana.sy\/es\/index.php?rest_route=%2Fwp%2Fv2%2Fcomments&post=59900"}],"version-history":[{"count":0,"href":"https:\/\/archive.sana.sy\/es\/index.php?rest_route=\/wp\/v2\/posts\/59900\/revisions"}],"wp:featuredmedia":[{"embeddable":true,"href":"https:\/\/archive.sana.sy\/es\/index.php?rest_route=\/wp\/v2\/media\/53774"}],"wp:attachment":[{"href":"https:\/\/archive.sana.sy\/es\/index.php?rest_route=%2Fwp%2Fv2%2Fmedia&parent=59900"}],"wp:term":[{"taxonomy":"category","embeddable":true,"href":"https:\/\/archive.sana.sy\/es\/index.php?rest_route=%2Fwp%2Fv2%2Fcategories&post=59900"},{"taxonomy":"post_tag","embeddable":true,"href":"https:\/\/archive.sana.sy\/es\/index.php?rest_route=%2Fwp%2Fv2%2Ftags&post=59900"}],"curies":[{"name":"wp","href":"https:\/\/api.w.org\/{rel}","templated":true}]}}