{"id":60003,"date":"2017-01-26T16:35:59","date_gmt":"2017-01-26T14:35:59","guid":{"rendered":"http:\/\/www.sana.sy\/es\/?p=60003"},"modified":"2017-01-26T17:31:42","modified_gmt":"2017-01-26T15:31:42","slug":"pobladores-de-damasco-protestan-contra-el-corte-de-agua-potable-por-parte-de-los-terroristas","status":"publish","type":"post","link":"https:\/\/archive.sana.sy\/es\/?p=60003","title":{"rendered":"Pobladores de Damasco protestan contra el corte de agua potable por parte de los terroristas"},"content":{"rendered":"<p><span style=\"color: #800000\">Damasco, SANA<\/span><\/p>\n<p>Los vecinos de la ciudad de Damasco protestaron este jueves contra el corte de agua potable por parte de los grupos terroristas.<\/p>\n<p>La protesta se llev\u00f3 a cabo frente a la sede de la Asamblea del Pueblo (Parlamento) y cont\u00f3 con la participaci\u00f3n de algunos diputados, funcionarios del\u00a0Ministerio de Recursos H\u00eddricos, y representantes de varios<\/p>\n<p>Los congregados alzaron pancartas y en las que escribieron frases que denuncian el silencio internacional ante este &#8220;crimen de guerra&#8221;.<\/p>\n<p>Los protagonistas de esta protesta entregaron a la presidenta de la Asamblea del Pueblo, Hadiya Abbas, una carta en la que esperaron que el Parlamento sirio haga llegar\u00a0su voz a los parlamentos del mundo y la comunidad internacional para que presionen a los terroristas y pongan fin a la guerra terrorista librada desde hace m\u00e1s de seis a\u00f1os contra Siria.<\/p>\n<p>Luego de recibir la carta, Abbas declar\u00f3 a la prensa que el corte de agua a la ciudad de Damasco se considera como \u201cun crimen de guerra\u201d y \u201cun crimen contra la humanidad\u201d, destacando que Siria seguir\u00e1 luchando contra el terrorismo y la victoria definitiva ya se lograr\u00e1 pronto.<\/p>\n<p>La presidenta del Parlamento exigi\u00f3 a los parlamentos del mundo y las organizaciones de la ONU, encabezadas por el Consejo de Seguridad, que ejerzan presi\u00f3n a los pa\u00edses que apoyan a los terroristas y hacen la vista gorda ante sus atrocidades.<\/p>\n<p>Asimismo, los congregados entregaron una carta similar al representante de la ONU ante Siria, en la cual advirtieron que el corte de agua a cinco millones de personas provocar\u00eda una cat\u00e1strofe humanitaria verdadera, lo que implica la intervenci\u00f3n de la comunidad internacional y la ONU en Damasco para presionar a los padrinos de los terroristas y volver a bombear el agua lo antes posible a la ciudad.<\/p>\n<p>Los grupos terroristas en la zona del Valle Barada procedieron hace 20 d\u00edas a cortar el agua potable privando a m\u00e1s de seis millones de habitantes del agua dulce.<\/p>\n<div id='gallery-1' class='gallery galleryid-60003 gallery-columns-3 gallery-size-thumbnail'><figure class='gallery-item'>\n\t\t\t<div class='gallery-icon landscape'>\n\t\t\t\t<a href='https:\/\/archive.sana.sy\/es\/wp-content\/uploads\/2017\/01\/protesta-13.jpg'><img loading=\"lazy\" decoding=\"async\" width=\"150\" height=\"96\" src=\"https:\/\/archive.sana.sy\/es\/wp-content\/uploads\/2017\/01\/protesta-13-150x96.jpg\" class=\"attachment-thumbnail size-thumbnail\" alt=\"\" srcset=\"https:\/\/archive.sana.sy\/es\/wp-content\/uploads\/2017\/01\/protesta-13-150x96.jpg 150w, https:\/\/archive.sana.sy\/es\/wp-content\/uploads\/2017\/01\/protesta-13-300x192.jpg 300w, https:\/\/archive.sana.sy\/es\/wp-content\/uploads\/2017\/01\/protesta-13-768x492.jpg 768w, https:\/\/archive.sana.sy\/es\/wp-content\/uploads\/2017\/01\/protesta-13-1024x656.jpg 1024w\" sizes=\"(max-width: 150px) 100vw, 150px\" \/><\/a>\n\t\t\t<\/div><\/figure><figure class='gallery-item'>\n\t\t\t<div class='gallery-icon landscape'>\n\t\t\t\t<a href='https:\/\/archive.sana.sy\/es\/wp-content\/uploads\/2017\/01\/protesta-1.jpg'><img loading=\"lazy\" decoding=\"async\" width=\"150\" height=\"100\" src=\"https:\/\/archive.sana.sy\/es\/wp-content\/uploads\/2017\/01\/protesta-1-150x100.jpg\" class=\"attachment-thumbnail size-thumbnail\" alt=\"\" srcset=\"https:\/\/archive.sana.sy\/es\/wp-content\/uploads\/2017\/01\/protesta-1-150x100.jpg 150w, https:\/\/archive.sana.sy\/es\/wp-content\/uploads\/2017\/01\/protesta-1-300x200.jpg 300w, https:\/\/archive.sana.sy\/es\/wp-content\/uploads\/2017\/01\/protesta-1-768x512.jpg 768w, https:\/\/archive.sana.sy\/es\/wp-content\/uploads\/2017\/01\/protesta-1-1024x683.jpg 1024w, https:\/\/archive.sana.sy\/es\/wp-content\/uploads\/2017\/01\/protesta-1-310x205.jpg 310w\" sizes=\"(max-width: 150px) 100vw, 150px\" \/><\/a>\n\t\t\t<\/div><\/figure><figure class='gallery-item'>\n\t\t\t<div class='gallery-icon landscape'>\n\t\t\t\t<a href='https:\/\/archive.sana.sy\/es\/wp-content\/uploads\/2017\/01\/protesta-2.jpg'><img loading=\"lazy\" decoding=\"async\" width=\"150\" height=\"100\" src=\"https:\/\/archive.sana.sy\/es\/wp-content\/uploads\/2017\/01\/protesta-2-150x100.jpg\" class=\"attachment-thumbnail size-thumbnail\" alt=\"\" srcset=\"https:\/\/archive.sana.sy\/es\/wp-content\/uploads\/2017\/01\/protesta-2-150x100.jpg 150w, https:\/\/archive.sana.sy\/es\/wp-content\/uploads\/2017\/01\/protesta-2-300x200.jpg 300w, https:\/\/archive.sana.sy\/es\/wp-content\/uploads\/2017\/01\/protesta-2-768x512.jpg 768w, https:\/\/archive.sana.sy\/es\/wp-content\/uploads\/2017\/01\/protesta-2-1024x683.jpg 1024w, https:\/\/archive.sana.sy\/es\/wp-content\/uploads\/2017\/01\/protesta-2-310x205.jpg 310w\" sizes=\"(max-width: 150px) 100vw, 150px\" \/><\/a>\n\t\t\t<\/div><\/figure><figure class='gallery-item'>\n\t\t\t<div class='gallery-icon landscape'>\n\t\t\t\t<a href='https:\/\/archive.sana.sy\/es\/wp-content\/uploads\/2017\/01\/protesta-4.jpg'><img loading=\"lazy\" decoding=\"async\" width=\"150\" height=\"98\" src=\"https:\/\/archive.sana.sy\/es\/wp-content\/uploads\/2017\/01\/protesta-4-150x98.jpg\" class=\"attachment-thumbnail size-thumbnail\" alt=\"\" srcset=\"https:\/\/archive.sana.sy\/es\/wp-content\/uploads\/2017\/01\/protesta-4-150x98.jpg 150w, https:\/\/archive.sana.sy\/es\/wp-content\/uploads\/2017\/01\/protesta-4-300x196.jpg 300w, https:\/\/archive.sana.sy\/es\/wp-content\/uploads\/2017\/01\/protesta-4-768x502.jpg 768w, https:\/\/archive.sana.sy\/es\/wp-content\/uploads\/2017\/01\/protesta-4-1024x670.jpg 1024w, https:\/\/archive.sana.sy\/es\/wp-content\/uploads\/2017\/01\/protesta-4-310x205.jpg 310w\" sizes=\"(max-width: 150px) 100vw, 150px\" \/><\/a>\n\t\t\t<\/div><\/figure><figure class='gallery-item'>\n\t\t\t<div class='gallery-icon landscape'>\n\t\t\t\t<a href='https:\/\/archive.sana.sy\/es\/wp-content\/uploads\/2017\/01\/protesta-5.jpg'><img loading=\"lazy\" decoding=\"async\" width=\"150\" height=\"87\" src=\"https:\/\/archive.sana.sy\/es\/wp-content\/uploads\/2017\/01\/protesta-5-150x87.jpg\" class=\"attachment-thumbnail size-thumbnail\" alt=\"\" srcset=\"https:\/\/archive.sana.sy\/es\/wp-content\/uploads\/2017\/01\/protesta-5-150x87.jpg 150w, https:\/\/archive.sana.sy\/es\/wp-content\/uploads\/2017\/01\/protesta-5-300x175.jpg 300w, https:\/\/archive.sana.sy\/es\/wp-content\/uploads\/2017\/01\/protesta-5-768x447.jpg 768w, https:\/\/archive.sana.sy\/es\/wp-content\/uploads\/2017\/01\/protesta-5-1024x596.jpg 1024w\" sizes=\"(max-width: 150px) 100vw, 150px\" \/><\/a>\n\t\t\t<\/div><\/figure><figure class='gallery-item'>\n\t\t\t<div class='gallery-icon landscape'>\n\t\t\t\t<a href='https:\/\/archive.sana.sy\/es\/wp-content\/uploads\/2017\/01\/protesta-6.jpg'><img loading=\"lazy\" decoding=\"async\" width=\"150\" height=\"95\" src=\"https:\/\/archive.sana.sy\/es\/wp-content\/uploads\/2017\/01\/protesta-6-150x95.jpg\" class=\"attachment-thumbnail size-thumbnail\" alt=\"\" srcset=\"https:\/\/archive.sana.sy\/es\/wp-content\/uploads\/2017\/01\/protesta-6-150x95.jpg 150w, https:\/\/archive.sana.sy\/es\/wp-content\/uploads\/2017\/01\/protesta-6-300x191.jpg 300w, https:\/\/archive.sana.sy\/es\/wp-content\/uploads\/2017\/01\/protesta-6-768x489.jpg 768w, https:\/\/archive.sana.sy\/es\/wp-content\/uploads\/2017\/01\/protesta-6-1024x652.jpg 1024w\" sizes=\"(max-width: 150px) 100vw, 150px\" \/><\/a>\n\t\t\t<\/div><\/figure><figure class='gallery-item'>\n\t\t\t<div class='gallery-icon landscape'>\n\t\t\t\t<a href='https:\/\/archive.sana.sy\/es\/wp-content\/uploads\/2017\/01\/protesta-7.jpg'><img loading=\"lazy\" decoding=\"async\" width=\"150\" height=\"100\" src=\"https:\/\/archive.sana.sy\/es\/wp-content\/uploads\/2017\/01\/protesta-7-150x100.jpg\" class=\"attachment-thumbnail size-thumbnail\" alt=\"\" srcset=\"https:\/\/archive.sana.sy\/es\/wp-content\/uploads\/2017\/01\/protesta-7-150x100.jpg 150w, https:\/\/archive.sana.sy\/es\/wp-content\/uploads\/2017\/01\/protesta-7-300x200.jpg 300w, https:\/\/archive.sana.sy\/es\/wp-content\/uploads\/2017\/01\/protesta-7-768x512.jpg 768w, https:\/\/archive.sana.sy\/es\/wp-content\/uploads\/2017\/01\/protesta-7-1024x683.jpg 1024w, https:\/\/archive.sana.sy\/es\/wp-content\/uploads\/2017\/01\/protesta-7-310x205.jpg 310w\" sizes=\"(max-width: 150px) 100vw, 150px\" \/><\/a>\n\t\t\t<\/div><\/figure><figure class='gallery-item'>\n\t\t\t<div class='gallery-icon landscape'>\n\t\t\t\t<a href='https:\/\/archive.sana.sy\/es\/wp-content\/uploads\/2017\/01\/protesta-8.jpg'><img loading=\"lazy\" decoding=\"async\" width=\"150\" height=\"100\" src=\"https:\/\/archive.sana.sy\/es\/wp-content\/uploads\/2017\/01\/protesta-8-150x100.jpg\" class=\"attachment-thumbnail size-thumbnail\" alt=\"\" srcset=\"https:\/\/archive.sana.sy\/es\/wp-content\/uploads\/2017\/01\/protesta-8-150x100.jpg 150w, https:\/\/archive.sana.sy\/es\/wp-content\/uploads\/2017\/01\/protesta-8-300x200.jpg 300w, https:\/\/archive.sana.sy\/es\/wp-content\/uploads\/2017\/01\/protesta-8-768x512.jpg 768w, https:\/\/archive.sana.sy\/es\/wp-content\/uploads\/2017\/01\/protesta-8-1024x683.jpg 1024w, https:\/\/archive.sana.sy\/es\/wp-content\/uploads\/2017\/01\/protesta-8-310x205.jpg 310w\" sizes=\"(max-width: 150px) 100vw, 150px\" \/><\/a>\n\t\t\t<\/div><\/figure><figure class='gallery-item'>\n\t\t\t<div class='gallery-icon landscape'>\n\t\t\t\t<a href='https:\/\/archive.sana.sy\/es\/wp-content\/uploads\/2017\/01\/protesta-9.jpg'><img loading=\"lazy\" decoding=\"async\" width=\"150\" height=\"100\" src=\"https:\/\/archive.sana.sy\/es\/wp-content\/uploads\/2017\/01\/protesta-9-150x100.jpg\" class=\"attachment-thumbnail size-thumbnail\" alt=\"\" srcset=\"https:\/\/archive.sana.sy\/es\/wp-content\/uploads\/2017\/01\/protesta-9-150x100.jpg 150w, https:\/\/archive.sana.sy\/es\/wp-content\/uploads\/2017\/01\/protesta-9-300x200.jpg 300w, https:\/\/archive.sana.sy\/es\/wp-content\/uploads\/2017\/01\/protesta-9-768x512.jpg 768w, https:\/\/archive.sana.sy\/es\/wp-content\/uploads\/2017\/01\/protesta-9-1024x683.jpg 1024w, https:\/\/archive.sana.sy\/es\/wp-content\/uploads\/2017\/01\/protesta-9-310x205.jpg 310w\" sizes=\"(max-width: 150px) 100vw, 150px\" \/><\/a>\n\t\t\t<\/div><\/figure><figure class='gallery-item'>\n\t\t\t<div class='gallery-icon landscape'>\n\t\t\t\t<a href='https:\/\/archive.sana.sy\/es\/wp-content\/uploads\/2017\/01\/protesta-10.jpg'><img loading=\"lazy\" decoding=\"async\" width=\"150\" height=\"97\" src=\"https:\/\/archive.sana.sy\/es\/wp-content\/uploads\/2017\/01\/protesta-10-150x97.jpg\" class=\"attachment-thumbnail size-thumbnail\" alt=\"\" srcset=\"https:\/\/archive.sana.sy\/es\/wp-content\/uploads\/2017\/01\/protesta-10-150x97.jpg 150w, https:\/\/archive.sana.sy\/es\/wp-content\/uploads\/2017\/01\/protesta-10-300x195.jpg 300w, https:\/\/archive.sana.sy\/es\/wp-content\/uploads\/2017\/01\/protesta-10-768x498.jpg 768w, https:\/\/archive.sana.sy\/es\/wp-content\/uploads\/2017\/01\/protesta-10-1024x664.jpg 1024w\" sizes=\"(max-width: 150px) 100vw, 150px\" \/><\/a>\n\t\t\t<\/div><\/figure><figure class='gallery-item'>\n\t\t\t<div class='gallery-icon landscape'>\n\t\t\t\t<a href='https:\/\/archive.sana.sy\/es\/wp-content\/uploads\/2017\/01\/protesta-11.jpg'><img loading=\"lazy\" decoding=\"async\" width=\"150\" height=\"100\" src=\"https:\/\/archive.sana.sy\/es\/wp-content\/uploads\/2017\/01\/protesta-11-150x100.jpg\" class=\"attachment-thumbnail size-thumbnail\" alt=\"\" srcset=\"https:\/\/archive.sana.sy\/es\/wp-content\/uploads\/2017\/01\/protesta-11-150x100.jpg 150w, https:\/\/archive.sana.sy\/es\/wp-content\/uploads\/2017\/01\/protesta-11-300x200.jpg 300w, https:\/\/archive.sana.sy\/es\/wp-content\/uploads\/2017\/01\/protesta-11-768x512.jpg 768w, https:\/\/archive.sana.sy\/es\/wp-content\/uploads\/2017\/01\/protesta-11-1024x683.jpg 1024w, https:\/\/archive.sana.sy\/es\/wp-content\/uploads\/2017\/01\/protesta-11-310x205.jpg 310w\" sizes=\"(max-width: 150px) 100vw, 150px\" \/><\/a>\n\t\t\t<\/div><\/figure><figure class='gallery-item'>\n\t\t\t<div class='gallery-icon landscape'>\n\t\t\t\t<a href='https:\/\/archive.sana.sy\/es\/wp-content\/uploads\/2017\/01\/protesta-12.jpg'><img loading=\"lazy\" decoding=\"async\" width=\"150\" height=\"101\" src=\"https:\/\/archive.sana.sy\/es\/wp-content\/uploads\/2017\/01\/protesta-12-150x101.jpg\" class=\"attachment-thumbnail size-thumbnail\" alt=\"\" srcset=\"https:\/\/archive.sana.sy\/es\/wp-content\/uploads\/2017\/01\/protesta-12-150x101.jpg 150w, https:\/\/archive.sana.sy\/es\/wp-content\/uploads\/2017\/01\/protesta-12-300x202.jpg 300w, https:\/\/archive.sana.sy\/es\/wp-content\/uploads\/2017\/01\/protesta-12-768x518.jpg 768w, https:\/\/archive.sana.sy\/es\/wp-content\/uploads\/2017\/01\/protesta-12-1024x690.jpg 1024w, https:\/\/archive.sana.sy\/es\/wp-content\/uploads\/2017\/01\/protesta-12-110x75.jpg 110w\" sizes=\"(max-width: 150px) 100vw, 150px\" \/><\/a>\n\t\t\t<\/div><\/figure>\n\t\t<\/div>\n\n<p>&nbsp;<\/p>\n<p>Fady M., Lynn A.<\/p>\n","protected":false},"excerpt":{"rendered":"<p>Damasco, SANA Los vecinos de la ciudad de Damasco protestaron este jueves contra el corte de agua potable por parte de los grupos terroristas. La protesta se llev\u00f3 a cabo frente a la sede de la Asamblea del Pueblo (Parlamento) y cont\u00f3 con la participaci\u00f3n de algunos diputados, funcionarios del\u00a0Ministerio de Recursos H\u00eddricos, y representantes &hellip;<\/p>\n","protected":false},"author":24,"featured_media":60011,"comment_status":"closed","ping_status":"closed","sticky":false,"template":"","format":"standard","meta":{"footnotes":""},"categories":[597,476,583,7541],"tags":[],"class_list":["post-60003","post","type-post","status-publish","format-standard","has-post-thumbnail","","category-cinta-de-noticias","category-locales","category-slide","category-ultimas-noticias"],"_links":{"self":[{"href":"https:\/\/archive.sana.sy\/es\/index.php?rest_route=\/wp\/v2\/posts\/60003"}],"collection":[{"href":"https:\/\/archive.sana.sy\/es\/index.php?rest_route=\/wp\/v2\/posts"}],"about":[{"href":"https:\/\/archive.sana.sy\/es\/index.php?rest_route=\/wp\/v2\/types\/post"}],"author":[{"embeddable":true,"href":"https:\/\/archive.sana.sy\/es\/index.php?rest_route=\/wp\/v2\/users\/24"}],"replies":[{"embeddable":true,"href":"https:\/\/archive.sana.sy\/es\/index.php?rest_route=%2Fwp%2Fv2%2Fcomments&post=60003"}],"version-history":[{"count":0,"href":"https:\/\/archive.sana.sy\/es\/index.php?rest_route=\/wp\/v2\/posts\/60003\/revisions"}],"wp:featuredmedia":[{"embeddable":true,"href":"https:\/\/archive.sana.sy\/es\/index.php?rest_route=\/wp\/v2\/media\/60011"}],"wp:attachment":[{"href":"https:\/\/archive.sana.sy\/es\/index.php?rest_route=%2Fwp%2Fv2%2Fmedia&parent=60003"}],"wp:term":[{"taxonomy":"category","embeddable":true,"href":"https:\/\/archive.sana.sy\/es\/index.php?rest_route=%2Fwp%2Fv2%2Fcategories&post=60003"},{"taxonomy":"post_tag","embeddable":true,"href":"https:\/\/archive.sana.sy\/es\/index.php?rest_route=%2Fwp%2Fv2%2Ftags&post=60003"}],"curies":[{"name":"wp","href":"https:\/\/api.w.org\/{rel}","templated":true}]}}