{"id":60176,"date":"2017-01-29T15:46:18","date_gmt":"2017-01-29T13:46:18","guid":{"rendered":"http:\/\/www.sana.sy\/es\/?p=60176"},"modified":"2017-01-29T15:58:57","modified_gmt":"2017-01-29T13:58:57","slug":"el-ejercito-estabiliza-el-valle-de-barada","status":"publish","type":"post","link":"https:\/\/archive.sana.sy\/es\/?p=60176","title":{"rendered":"El Ej\u00e9rcito sirio estabiliza el Valle de Barada"},"content":{"rendered":"<p><span style=\"color: #800000\">Rif Dimashq, SANA<\/span><\/p>\n<p>El Comando General del Ej\u00e9rcito y las Fuerzas Armadas ha anunciado que unidades del ej\u00e9rcito secundadas por grupos de la Defensa Popular y tropas coligar coligadas concluyeron ya sus misiones de estabilizaci\u00f3n de las localidades del Valle de Barada en el campo occidental de Damasco tras una serie de operativos exitosos.<\/p>\n<p>En un parte militar se anuncia que las operaciones del ej\u00e9rcito en el Valle de Barada han preparado el clima propicio para cerrar arreglos y reconciliaciones en varios poblados, a\u00f1\u00e1dale la liberaci\u00f3n de un \u00e1rea de 400 km2 con sus respectivas localidades.<\/p>\n<p>El Comando del ej\u00e9rcito reafirma la determinaci\u00f3n de combatir el terrorismo y valora los sinceros esfuerzos desplegados por actores y personalidades patri\u00f3ticas para devolver la seguridad a la regi\u00f3n del Valle de Barada.<\/p>\n<p>El comunicado concluy\u00f3 reiterando el llamado del ej\u00e9rcito a deponer las armas y beneficiarse del indulto para volver a la vida normal y contribuir a la construcci\u00f3n de la patria.<\/p>\n<p>&nbsp;<\/p>\n<p>Riyad Sh., Lynn A.<\/p>\n","protected":false},"excerpt":{"rendered":"<p>Rif Dimashq, SANA El Comando General del Ej\u00e9rcito y las Fuerzas Armadas ha anunciado que unidades del ej\u00e9rcito secundadas por grupos de la Defensa Popular y tropas coligar coligadas concluyeron ya sus misiones de estabilizaci\u00f3n de las localidades del Valle de Barada en el campo occidental de Damasco tras una serie de operativos exitosos. En &hellip;<\/p>\n","protected":false},"author":24,"featured_media":41214,"comment_status":"closed","ping_status":"closed","sticky":false,"template":"","format":"standard","meta":{"footnotes":""},"categories":[597,573,583,7541],"tags":[],"class_list":["post-60176","post","type-post","status-publish","format-standard","has-post-thumbnail","","category-cinta-de-noticias","category-la-realidad-de-los-acontecimientos-en-siria","category-slide","category-ultimas-noticias"],"_links":{"self":[{"href":"https:\/\/archive.sana.sy\/es\/index.php?rest_route=\/wp\/v2\/posts\/60176"}],"collection":[{"href":"https:\/\/archive.sana.sy\/es\/index.php?rest_route=\/wp\/v2\/posts"}],"about":[{"href":"https:\/\/archive.sana.sy\/es\/index.php?rest_route=\/wp\/v2\/types\/post"}],"author":[{"embeddable":true,"href":"https:\/\/archive.sana.sy\/es\/index.php?rest_route=\/wp\/v2\/users\/24"}],"replies":[{"embeddable":true,"href":"https:\/\/archive.sana.sy\/es\/index.php?rest_route=%2Fwp%2Fv2%2Fcomments&post=60176"}],"version-history":[{"count":0,"href":"https:\/\/archive.sana.sy\/es\/index.php?rest_route=\/wp\/v2\/posts\/60176\/revisions"}],"wp:featuredmedia":[{"embeddable":true,"href":"https:\/\/archive.sana.sy\/es\/index.php?rest_route=\/wp\/v2\/media\/41214"}],"wp:attachment":[{"href":"https:\/\/archive.sana.sy\/es\/index.php?rest_route=%2Fwp%2Fv2%2Fmedia&parent=60176"}],"wp:term":[{"taxonomy":"category","embeddable":true,"href":"https:\/\/archive.sana.sy\/es\/index.php?rest_route=%2Fwp%2Fv2%2Fcategories&post=60176"},{"taxonomy":"post_tag","embeddable":true,"href":"https:\/\/archive.sana.sy\/es\/index.php?rest_route=%2Fwp%2Fv2%2Ftags&post=60176"}],"curies":[{"name":"wp","href":"https:\/\/api.w.org\/{rel}","templated":true}]}}