{"id":60393,"date":"2017-02-04T19:23:33","date_gmt":"2017-02-04T17:23:33","guid":{"rendered":"http:\/\/www.sana.sy\/es\/?p=60393"},"modified":"2017-02-04T19:24:26","modified_gmt":"2017-02-04T17:24:26","slug":"el-ejercito-inflige-grandes-perdidas-en-filas-de-los-terroristas-al-este-del-aeropuerto-de-al-sin","status":"publish","type":"post","link":"https:\/\/archive.sana.sy\/es\/?p=60393","title":{"rendered":"El Ej\u00e9rcito inflige grandes p\u00e9rdidas en filas de los terroristas al este del aeropuerto de al Sin y realiza operaciones en Deir Ezzor y Homs"},"content":{"rendered":"<p><span style=\"color: #800000;\">Provincias\u00a0&#8211; SANA<\/span><\/p>\n<p><span style=\"color: #0000ff;\">Damasco Campo<\/span><\/p>\n<p>Una unidad del Ej\u00e9rcito infligi\u00f3 grandes p\u00e9rdidas en las filas de \u00a0la organizaci\u00f3n terrorista Daesh,\u00a0y tom\u00f3 el control de los puntos Mansur 1 y Mansur 2 \u00a0al este del aeropuerto de al Sin, \u00a0en la comarca oriental de Damasco.<\/p>\n<p>En el mismo contexto, el Ej\u00e9rcito tom\u00f3 el control de la Tercera Brigada y de la zona de las Canteras orientales y occidentales en las inmediaciones del aeropuerto de al Sin<\/p>\n<p>Una fuente militar inform\u00f3 que el Ej\u00e9rcito destruy\u00f3 6 carros, un blindado y un tanque, y cuatro carros equipados con ametralladoras pesadas en la finca de al Imarati, al este del aeropuerto de al Sin en el campo de Damasco.<\/p>\n<p><span style=\"color: #0000ff;\">Deir Ezzor<\/span><\/p>\n<p>Unidades del Ej\u00e9rcito- apoyadas por las fuerzas aliadas- realizaron operaciones intensivas contra centros de agrupaci\u00f3n y posiciones de los terroristas de Daesh en las inmediaciones de la ciudad de Deir Ezzor, y lograron un avance estrat\u00e9gico al sur de la ciudad.<\/p>\n<p>El Ej\u00e9rcito logr\u00f3 tomar el control de varias colinas estrat\u00e9gicas, y cortar l\u00edneas de abastecimiento de la organizaci\u00f3n terrorista de Daesh desde el eje del frente de al Tharda hasta el eje del Campamento de al Difaa.<\/p>\n<p>El Ej\u00e9rcito destruy\u00f3 dos veh\u00edculos de la organizaci\u00f3n terrorista de Daesh, y acab\u00f3 con un grupo terrorista en las inmediaciones de la localidad de al Yafra en la comarca oriental de la provincia.<\/p>\n<p><span style=\"color: #0000ff;\">Homs<\/span><\/p>\n<p>Unidades del Ej\u00e9rcito lanzaron disparos precisos contra posiciones y refugios de terroristas, y acabaron con gran n\u00famero de ellos en Der Ful, Kaferlaha, y la colina de Dahab, en el campo de Homs.<\/p>\n<p>Una fuente militar inform\u00f3 que los disparos aniquilaron a un n\u00famero indeterminado de terroristas, y destruyeron centros de mando y dep\u00f3sitos de municiones.<\/p>\n<p>&nbsp;<\/p>\n<hr \/>\n<p><span style=\"color: #0000ff;\">Akram. S<\/span><\/p>\n","protected":false},"excerpt":{"rendered":"<p>Provincias\u00a0&#8211; SANA Damasco Campo Una unidad del Ej\u00e9rcito infligi\u00f3 grandes p\u00e9rdidas en las filas de \u00a0la organizaci\u00f3n terrorista Daesh,\u00a0y tom\u00f3 el control de los puntos Mansur 1 y Mansur 2 \u00a0al este del aeropuerto de al Sin, \u00a0en la comarca oriental de Damasco. En el mismo contexto, el Ej\u00e9rcito tom\u00f3 el control de la Tercera &hellip;<\/p>\n","protected":false},"author":1,"featured_media":60394,"comment_status":"closed","ping_status":"closed","sticky":false,"template":"","format":"standard","meta":{"footnotes":""},"categories":[597,573,583,7541],"tags":[],"class_list":["post-60393","post","type-post","status-publish","format-standard","has-post-thumbnail","","category-cinta-de-noticias","category-la-realidad-de-los-acontecimientos-en-siria","category-slide","category-ultimas-noticias"],"_links":{"self":[{"href":"https:\/\/archive.sana.sy\/es\/index.php?rest_route=\/wp\/v2\/posts\/60393"}],"collection":[{"href":"https:\/\/archive.sana.sy\/es\/index.php?rest_route=\/wp\/v2\/posts"}],"about":[{"href":"https:\/\/archive.sana.sy\/es\/index.php?rest_route=\/wp\/v2\/types\/post"}],"author":[{"embeddable":true,"href":"https:\/\/archive.sana.sy\/es\/index.php?rest_route=\/wp\/v2\/users\/1"}],"replies":[{"embeddable":true,"href":"https:\/\/archive.sana.sy\/es\/index.php?rest_route=%2Fwp%2Fv2%2Fcomments&post=60393"}],"version-history":[{"count":0,"href":"https:\/\/archive.sana.sy\/es\/index.php?rest_route=\/wp\/v2\/posts\/60393\/revisions"}],"wp:featuredmedia":[{"embeddable":true,"href":"https:\/\/archive.sana.sy\/es\/index.php?rest_route=\/wp\/v2\/media\/60394"}],"wp:attachment":[{"href":"https:\/\/archive.sana.sy\/es\/index.php?rest_route=%2Fwp%2Fv2%2Fmedia&parent=60393"}],"wp:term":[{"taxonomy":"category","embeddable":true,"href":"https:\/\/archive.sana.sy\/es\/index.php?rest_route=%2Fwp%2Fv2%2Fcategories&post=60393"},{"taxonomy":"post_tag","embeddable":true,"href":"https:\/\/archive.sana.sy\/es\/index.php?rest_route=%2Fwp%2Fv2%2Ftags&post=60393"}],"curies":[{"name":"wp","href":"https:\/\/api.w.org\/{rel}","templated":true}]}}